{"id":336,"date":"2004-10-27T12:57:53","date_gmt":"2004-10-27T12:57:53","guid":{"rendered":"http:\/\/junjan.org\/wordpress\/?p=336"},"modified":"2004-10-27T12:57:53","modified_gmt":"2004-10-27T12:57:53","slug":"parlamento_europeo_1_durao_bar","status":"publish","type":"post","link":"https:\/\/junjan.org\/wordpress\/2004\/10\/parlamento_europeo_1_durao_bar\/","title":{"rendered":"Parlamento Europeo 1 : Durao Barroso 0"},"content":{"rendered":"<p>Durao Barroso ha retirado esta ma\u00f1ana su propuesta de equipo de Gobierno y ha solicitado un aplazamiento al Parlamento Europeo.<br \/>\nNo ha habido votaci\u00f3n, las declaraciones de los \u00faltimos d\u00edas, donde casi todos los grupos de izquierda confirmaron votar en contra, fueron suficientes. Barroso y sus muchachos han sido derrotados antes del combate.<br \/>\nEl Parlamento Europeo sirve para algo. Como poco, Durao Barroso se ver\u00e1 obligado a exigir que los candidatos a consejeros (que, no olvidemos, eligen los pa\u00edses), no sean \u00abde desecho\u00bb.<\/p>\n","protected":false},"excerpt":{"rendered":"<p>Durao Barroso ha retirado esta ma\u00f1ana su propuesta de equipo de Gobierno y ha solicitado un aplazamiento al Parlamento Europeo. No ha habido votaci\u00f3n, las declaraciones de los \u00faltimos d\u00edas, donde casi todos los grupos de izquierda confirmaron votar en contra, fueron suficientes. Barroso y sus muchachos han sido derrotados antes del combate. El Parlamento&hellip;&nbsp;<a href=\"https:\/\/junjan.org\/wordpress\/2004\/10\/parlamento_europeo_1_durao_bar\/\" rel=\"bookmark\">Leer m\u00e1s &raquo;<span class=\"screen-reader-text\">Parlamento Europeo 1 : Durao Barroso 0<\/span><\/a><\/p>\n","protected":false},"author":1,"featured_media":0,"comment_status":"open","ping_status":"open","sticky":false,"template":"","format":"standard","meta":{"neve_meta_sidebar":"","neve_meta_container":"","neve_meta_enable_content_width":"","neve_meta_content_width":0,"neve_meta_title_alignment":"","neve_meta_author_avatar":"","neve_post_elements_order":"","neve_meta_disable_header":"","neve_meta_disable_footer":"","neve_meta_disable_title":"","footnotes":""},"categories":[5],"tags":[],"class_list":["post-336","post","type-post","status-publish","format-standard","hentry","category-actualidad"],"_links":{"self":[{"href":"https:\/\/junjan.org\/wordpress\/wp-json\/wp\/v2\/posts\/336","targetHints":{"allow":["GET"]}}],"collection":[{"href":"https:\/\/junjan.org\/wordpress\/wp-json\/wp\/v2\/posts"}],"about":[{"href":"https:\/\/junjan.org\/wordpress\/wp-json\/wp\/v2\/types\/post"}],"author":[{"embeddable":true,"href":"https:\/\/junjan.org\/wordpress\/wp-json\/wp\/v2\/users\/1"}],"replies":[{"embeddable":true,"href":"https:\/\/junjan.org\/wordpress\/wp-json\/wp\/v2\/comments?post=336"}],"version-history":[{"count":0,"href":"https:\/\/junjan.org\/wordpress\/wp-json\/wp\/v2\/posts\/336\/revisions"}],"wp:attachment":[{"href":"https:\/\/junjan.org\/wordpress\/wp-json\/wp\/v2\/media?parent=336"}],"wp:term":[{"taxonomy":"category","embeddable":true,"href":"https:\/\/junjan.org\/wordpress\/wp-json\/wp\/v2\/categories?post=336"},{"taxonomy":"post_tag","embeddable":true,"href":"https:\/\/junjan.org\/wordpress\/wp-json\/wp\/v2\/tags?post=336"}],"curies":[{"name":"wp","href":"https:\/\/api.w.org\/{rel}","templated":true}]}}