{"id":34,"date":"2004-03-12T10:51:26","date_gmt":"2004-03-12T10:51:26","guid":{"rendered":"http:\/\/junjan.org\/wordpress\/?p=34"},"modified":"2022-08-26T19:21:14","modified_gmt":"2022-08-26T17:21:14","slug":"unidad_democrtica_por_la_paz_2","status":"publish","type":"post","link":"https:\/\/junjan.org\/wordpress\/2004\/03\/unidad_democrtica_por_la_paz_2\/","title":{"rendered":"Unidad democr\u00e1tica por la paz 2"},"content":{"rendered":"<p>La carta publicada en el peri\u00f3dico ingl\u00e9s \u201c<a href=\"http:\/\/www.alquds.co.uk\/\">al-Quds al-Arabi<\/a>\u201d despierta inc\u00f3gnitas sobre la autor\u00eda de los brutales atentados de ayer. Ver <a href=\"http:\/\/junjan.org\/weblog\/documents\/Al-qaeda_11M.html\">la Carta completa<\/a>.<br \/>\nCreo que nuestra actitud sobre la masacre no debe variar en cualquier caso. Haya sido <span class=\"caps\">ETA<\/span> o Al-Qaida la respuesta debe ser la misma, unidad de la sociedad civil apoyando a las v\u00edctimas, aumento de la participaci\u00f3n democr\u00e1tica, exigencia de di\u00e1logo entre los partidos pol\u00edticos. Y no olvidar, no olvidar, si los pol\u00edticos olvidan todas las bonitas palabras que est\u00e1n diciendo, nosotros no debemos olvidar y debemos record\u00e1rselo todos los d\u00edas.<br \/>\nMe reafirmo en mi pensamiento de <a href=\"http:\/\/www.junjan.org\/weblog\/archives\/2004\/03\/10\/patriotismo.html\">hace dos d\u00edas<\/a>, es necesario votar.<br \/>\nRecomiendo leer:<br \/>\n\u201c<a href=\"http:\/\/www.escolar.net\/MT\/archives\/000626.html\">No en mi nombre<\/a>\u201d por Javier Libros<br \/>\n\u201c<a href=\"http:\/\/www.elpais.es\/articulo.html?d_date=&amp;xref=20040312elpepinac_60&amp;type=Tes&amp;anchor=elpepiesp\">De buena ma\u00f1ana<\/a>\u201d por Javier Mar\u00edas<br \/>\n\u201c<a href=\"http:\/\/www.elpais.es\/articulo.html?d_date=&amp;xref=20040312elpepinac_78&amp;type=Tes&amp;anchor=elpepiesp\">Con plomo en las entra\u00f1as\u201d<\/a> de Antonio Mu\u00f1oz Molina<br \/>\n\u201c<a href=\"http:\/\/www.elpais.es\/articulo.html?d_date=&amp;xref=20040312elpepiopi_4&amp;type=Tes&amp;anchor=elpporopi\">Autopsia<\/a>\u201d de Fernando Savater<br \/>\n\u201c<a href=\"http:\/\/www.lainsignia.org\/2004\/marzo\/ibe_062.htm\">Rabia y esperanza<\/a>\u201d por David Iwasaki<\/p>\n","protected":false},"excerpt":{"rendered":"<p>La carta publicada en el peri\u00f3dico ingl\u00e9s \u201cal-Quds al-Arabi\u201d despierta inc\u00f3gnitas sobre la autor\u00eda de los brutales atentados de ayer. Ver la Carta completa. Creo que nuestra actitud sobre la masacre no debe variar en cualquier caso. Haya sido ETA o Al-Qaida la respuesta debe ser la misma, unidad de la sociedad civil apoyando a&hellip;&nbsp;<a href=\"https:\/\/junjan.org\/wordpress\/2004\/03\/unidad_democrtica_por_la_paz_2\/\" rel=\"bookmark\">Leer m\u00e1s &raquo;<span class=\"screen-reader-text\">Unidad democr\u00e1tica por la paz 2<\/span><\/a><\/p>\n","protected":false},"author":1,"featured_media":0,"comment_status":"open","ping_status":"open","sticky":false,"template":"","format":"standard","meta":{"neve_meta_sidebar":"","neve_meta_container":"","neve_meta_enable_content_width":"","neve_meta_content_width":0,"neve_meta_title_alignment":"","neve_meta_author_avatar":"","neve_post_elements_order":"","neve_meta_disable_header":"","neve_meta_disable_footer":"","neve_meta_disable_title":"","footnotes":""},"categories":[5],"tags":[36,530,639],"class_list":["post-34","post","type-post","status-publish","format-standard","hentry","category-actualidad","tag-11m","tag-atentados","tag-madrid"],"_links":{"self":[{"href":"https:\/\/junjan.org\/wordpress\/wp-json\/wp\/v2\/posts\/34","targetHints":{"allow":["GET"]}}],"collection":[{"href":"https:\/\/junjan.org\/wordpress\/wp-json\/wp\/v2\/posts"}],"about":[{"href":"https:\/\/junjan.org\/wordpress\/wp-json\/wp\/v2\/types\/post"}],"author":[{"embeddable":true,"href":"https:\/\/junjan.org\/wordpress\/wp-json\/wp\/v2\/users\/1"}],"replies":[{"embeddable":true,"href":"https:\/\/junjan.org\/wordpress\/wp-json\/wp\/v2\/comments?post=34"}],"version-history":[{"count":1,"href":"https:\/\/junjan.org\/wordpress\/wp-json\/wp\/v2\/posts\/34\/revisions"}],"predecessor-version":[{"id":2809,"href":"https:\/\/junjan.org\/wordpress\/wp-json\/wp\/v2\/posts\/34\/revisions\/2809"}],"wp:attachment":[{"href":"https:\/\/junjan.org\/wordpress\/wp-json\/wp\/v2\/media?parent=34"}],"wp:term":[{"taxonomy":"category","embeddable":true,"href":"https:\/\/junjan.org\/wordpress\/wp-json\/wp\/v2\/categories?post=34"},{"taxonomy":"post_tag","embeddable":true,"href":"https:\/\/junjan.org\/wordpress\/wp-json\/wp\/v2\/tags?post=34"}],"curies":[{"name":"wp","href":"https:\/\/api.w.org\/{rel}","templated":true}]}}