{"id":342,"date":"2004-10-30T23:39:44","date_gmt":"2004-10-30T23:39:44","guid":{"rendered":"http:\/\/junjan.org\/wordpress\/?p=342"},"modified":"2004-10-30T23:39:44","modified_gmt":"2004-10-30T23:39:44","slug":"parlamento_europeo_2_durao_bar","status":"publish","type":"post","link":"https:\/\/junjan.org\/wordpress\/2004\/10\/parlamento_europeo_2_durao_bar\/","title":{"rendered":"Parlamento Europeo 2 : Durao Barroso 0"},"content":{"rendered":"<p>Rocco Buttiglione ha renunciado. Ya no ir\u00e1 a la comisi\u00f3n europea, se quedar\u00e1 en el gobierno italiano. Nosotros nos libranos, los pobres italianos no.<br \/>\nSi la Constituci\u00f3n europea se aprueba, el parlamento tendr\u00e1 una ocasi\u00f3n hist\u00f3rica para demostrar que pueden dejar de seguir las directrices conservadoras de la Comisi\u00f3n y continuar con pol\u00edticas m\u00e1s cercanas a los ciudadanos y sus problemas reales.<\/p>\n","protected":false},"excerpt":{"rendered":"<p>Rocco Buttiglione ha renunciado. Ya no ir\u00e1 a la comisi\u00f3n europea, se quedar\u00e1 en el gobierno italiano. Nosotros nos libranos, los pobres italianos no. Si la Constituci\u00f3n europea se aprueba, el parlamento tendr\u00e1 una ocasi\u00f3n hist\u00f3rica para demostrar que pueden dejar de seguir las directrices conservadoras de la Comisi\u00f3n y continuar con pol\u00edticas m\u00e1s cercanas&hellip;&nbsp;<a href=\"https:\/\/junjan.org\/wordpress\/2004\/10\/parlamento_europeo_2_durao_bar\/\" rel=\"bookmark\">Leer m\u00e1s &raquo;<span class=\"screen-reader-text\">Parlamento Europeo 2 : Durao Barroso 0<\/span><\/a><\/p>\n","protected":false},"author":1,"featured_media":0,"comment_status":"open","ping_status":"open","sticky":false,"template":"","format":"standard","meta":{"neve_meta_sidebar":"","neve_meta_container":"","neve_meta_enable_content_width":"","neve_meta_content_width":0,"neve_meta_title_alignment":"","neve_meta_author_avatar":"","neve_post_elements_order":"","neve_meta_disable_header":"","neve_meta_disable_footer":"","neve_meta_disable_title":"","footnotes":""},"categories":[5],"tags":[],"class_list":["post-342","post","type-post","status-publish","format-standard","hentry","category-actualidad"],"_links":{"self":[{"href":"https:\/\/junjan.org\/wordpress\/wp-json\/wp\/v2\/posts\/342","targetHints":{"allow":["GET"]}}],"collection":[{"href":"https:\/\/junjan.org\/wordpress\/wp-json\/wp\/v2\/posts"}],"about":[{"href":"https:\/\/junjan.org\/wordpress\/wp-json\/wp\/v2\/types\/post"}],"author":[{"embeddable":true,"href":"https:\/\/junjan.org\/wordpress\/wp-json\/wp\/v2\/users\/1"}],"replies":[{"embeddable":true,"href":"https:\/\/junjan.org\/wordpress\/wp-json\/wp\/v2\/comments?post=342"}],"version-history":[{"count":0,"href":"https:\/\/junjan.org\/wordpress\/wp-json\/wp\/v2\/posts\/342\/revisions"}],"wp:attachment":[{"href":"https:\/\/junjan.org\/wordpress\/wp-json\/wp\/v2\/media?parent=342"}],"wp:term":[{"taxonomy":"category","embeddable":true,"href":"https:\/\/junjan.org\/wordpress\/wp-json\/wp\/v2\/categories?post=342"},{"taxonomy":"post_tag","embeddable":true,"href":"https:\/\/junjan.org\/wordpress\/wp-json\/wp\/v2\/tags?post=342"}],"curies":[{"name":"wp","href":"https:\/\/api.w.org\/{rel}","templated":true}]}}