{"id":35,"date":"2004-03-13T13:07:05","date_gmt":"2004-03-13T13:07:05","guid":{"rendered":"http:\/\/junjan.org\/wordpress\/?p=35"},"modified":"2022-08-26T19:25:19","modified_gmt":"2022-08-26T17:25:19","slug":"qu_hacemos_aqu","status":"publish","type":"post","link":"https:\/\/junjan.org\/wordpress\/2004\/03\/qu_hacemos_aqu\/","title":{"rendered":"\u00bfQu\u00e9 hacemos aqu\u00ed?"},"content":{"rendered":"<p>Llegamos a la manifestaci\u00f3n tarde. No hab\u00eda sido buena idea coger el metro. Estaba demasiado lleno. La sensaci\u00f3n era rara desde el principio. En el metro, la presencia de adolescentes en ambiente festivo empez\u00f3 a cabrearnos, \u00bfno era esto una manifestaci\u00f3n de dolor y luto por las v\u00edctimas?<br \/>\nUna vez en la calle vimos desconsolados que la manifestaci\u00f3n no era tal, era una marea de gente avanzando junta pero sin ning\u00fan prop\u00f3sito claro. Muchos, como nosotros, intentaban mantener el silencio, el luto, el respeto por las v\u00edctimas. Otros manifestaban su rabia gritando al cielo, \u201cmano dura, \u00a1joder!\u201d o \u201cpena de muerte ya\u201d. Pero muchos j\u00f3venes, coreaban consignas que poco a poco iban tomando un tono festivo nefasto, \u201coh no <span class=\"caps\">ETA<\/span> no\u201d al ritmo de Kalinka, \u201cque viva Espa\u00f1a\u201d a ritmo de pasoboble, \u201cun vote, dos votes, etarra el que no vote\u201d, \u201cOtegui cabr\u00f3n s\u00fabete al vag\u00f3n\u201d, \u201cno est\u00e1 lloviendo es que Madrid llora\u201d, \u201cignorantes, eran estudiantes\u201d, y muchas m\u00e1s que se me han olvidado.<br \/>\nEl prop\u00f3sito inicial de manifestarse en memoria de las v\u00edctimas se estaba truncando porque mucha gente deseaba protestar, pero en realidad no estaban seguros de contra qui\u00e9n protestar. Aunque <span class=\"caps\">ETA<\/span> y Al-Qaida sean grupos terroristas igual de execrables, \u201clos dos son mierda, pero no son la misma mierda\u201d.<br \/>\n\u00bfY si ha sido Al-Qaida? Esa pregunta rondaba la cabeza de mucha gente. Si ha sido Al-Qaida, es consecuencia directa de la atroz pol\u00edtica del PP y, por lo tanto, es su culpa. \u00bfY si lo saben y no lo han dicho por las elecciones? Esto tambi\u00e9n rondaba por todas las cabezas.<br \/>\nTodas estas dudas volaban por La Castellana y se mezclaba con la lluvia, haciendo que la manifestaci\u00f3n fuera m\u00e1s y m\u00e1s confusa, avanzando sin un prop\u00f3sito claro. Esta sensaci\u00f3n de estar siendo utilizado se iba haciendo m\u00e1s y m\u00e1s fuerte.<br \/>\nAl llegar a Atocha, la multitud se dispersaba directamente, excepto peque\u00f1os grupos que ondeaban banderas de Espa\u00f1a. Un hombre, fuera de s\u00ed, gritaba a los manifestantes \u201d\u00a1hijos de puta!, mi mujer muri\u00f3 ah\u00ed ayer\u201d y agarrando una de usas banderas repet\u00eda a la gente \u201d\u00a1sois unos hijos de puta!<br \/>\nS\u00f3lo vi una imagen que me alivi\u00f3: dos mujeres, ya mayores, llegaron a la glorieta de Atocha se pararon y musitaron \u201cdescansen en paz\u201d y se fueron caminando lentamente.<\/p>\n","protected":false},"excerpt":{"rendered":"<p>Llegamos a la manifestaci\u00f3n tarde. No hab\u00eda sido buena idea coger el metro. Estaba demasiado lleno. La sensaci\u00f3n era rara desde el principio. En el metro, la presencia de adolescentes en ambiente festivo empez\u00f3 a cabrearnos, \u00bfno era esto una manifestaci\u00f3n de dolor y luto por las v\u00edctimas? Una vez en la calle vimos desconsolados&hellip;&nbsp;<a href=\"https:\/\/junjan.org\/wordpress\/2004\/03\/qu_hacemos_aqu\/\" rel=\"bookmark\">Leer m\u00e1s &raquo;<span class=\"screen-reader-text\">\u00bfQu\u00e9 hacemos aqu\u00ed?<\/span><\/a><\/p>\n","protected":false},"author":1,"featured_media":0,"comment_status":"open","ping_status":"open","sticky":false,"template":"","format":"standard","meta":{"neve_meta_sidebar":"","neve_meta_container":"","neve_meta_enable_content_width":"","neve_meta_content_width":0,"neve_meta_title_alignment":"","neve_meta_author_avatar":"","neve_post_elements_order":"","neve_meta_disable_header":"","neve_meta_disable_footer":"","neve_meta_disable_title":"","footnotes":""},"categories":[9],"tags":[36,530,639,807,626,657],"class_list":["post-35","post","type-post","status-publish","format-standard","hentry","category-opinion","tag-11m","tag-atentados","tag-madrid","tag-madrid-vivo","tag-manifestacion","tag-verguenza"],"_links":{"self":[{"href":"https:\/\/junjan.org\/wordpress\/wp-json\/wp\/v2\/posts\/35","targetHints":{"allow":["GET"]}}],"collection":[{"href":"https:\/\/junjan.org\/wordpress\/wp-json\/wp\/v2\/posts"}],"about":[{"href":"https:\/\/junjan.org\/wordpress\/wp-json\/wp\/v2\/types\/post"}],"author":[{"embeddable":true,"href":"https:\/\/junjan.org\/wordpress\/wp-json\/wp\/v2\/users\/1"}],"replies":[{"embeddable":true,"href":"https:\/\/junjan.org\/wordpress\/wp-json\/wp\/v2\/comments?post=35"}],"version-history":[{"count":2,"href":"https:\/\/junjan.org\/wordpress\/wp-json\/wp\/v2\/posts\/35\/revisions"}],"predecessor-version":[{"id":2812,"href":"https:\/\/junjan.org\/wordpress\/wp-json\/wp\/v2\/posts\/35\/revisions\/2812"}],"wp:attachment":[{"href":"https:\/\/junjan.org\/wordpress\/wp-json\/wp\/v2\/media?parent=35"}],"wp:term":[{"taxonomy":"category","embeddable":true,"href":"https:\/\/junjan.org\/wordpress\/wp-json\/wp\/v2\/categories?post=35"},{"taxonomy":"post_tag","embeddable":true,"href":"https:\/\/junjan.org\/wordpress\/wp-json\/wp\/v2\/tags?post=35"}],"curies":[{"name":"wp","href":"https:\/\/api.w.org\/{rel}","templated":true}]}}