{"id":356,"date":"2004-11-15T19:29:30","date_gmt":"2004-11-15T19:29:30","guid":{"rendered":"http:\/\/junjan.org\/wordpress\/?p=356"},"modified":"2011-05-24T12:36:50","modified_gmt":"2011-05-24T10:36:50","slug":"como_un_horno_act_ii","status":"publish","type":"post","link":"https:\/\/junjan.org\/wordpress\/2004\/11\/como_un_horno_act_ii\/","title":{"rendered":"Como un horno (act II)"},"content":{"rendered":"<p>La conferencia episcopal espa\u00f1ola est\u00e1 en estado de guerra. El cardenal Rouco cita al profeta Malaqu\u00edas y clama por la sangre de (nosotros) los \u201cinfieles\u201d, dice:<\/p>\n<blockquote><p>\u201cS\u00ed, llegar\u00e1 el d\u00eda ardiente como un horno, en el que los malvados y perversos ser\u00e1n la paja, en el que no quedar\u00e1 de ellos ni rama ni rastro; pero, en cambio, a los que honran el nombre de Dios los iluminar\u00e1 un sol de justicia que lleva la salud en las alas.\u201d<\/p><\/blockquote>\n<p>Deduzco que somos malvados y perversos, y que nos quemaremos en el infierno. Ten\u00eda la esperanza de ir a \u00ab<a href=\"http:\/\/junjan.org\/wordpress\/2004\/10\/en_el_limbo\/\">limbo<\/a>\u00ab, pero ha ca\u00eddo en la \u00faltima actualizaci\u00f3n de su doctrina, mecachis.<\/p>\n<p>Lo que les repudre las entra\u00f1as es la posibilidad de que los que no quieren ser cristianos tengan la oportunidad de no ver a un cura ni en pintura, de educar a sus hijos sin que \u00abaprendan\u00bb la religi\u00f3n y sus dogmas. Eso es algo que no entra en sus planes. Pierden el control.<\/p>\n<p>Lo cachondo del asunto, es que escudan sus protestas en una supuesta \u00abpersecuci\u00f3n\u00bb. \u00a1Horror! Si al final vamos a ser como romanos clamando por Rouco en el \u201cCirco\u201d, rodeado de leones. Lo que hay que o\u00edr. Qu\u00e9 estrategia tan falsa, y que empanada mental. Tanto machac\u00e1rsela en los confesionarios debe de hacer que el cuerpo produzca demasiada bilis.<br \/>\n\u00a1El futuro nos pertenece! dijo Rouco en su homil\u00eda. Es una buena definici\u00f3n del miedo que les atenaza. Tienen miedo a ser parte del pasado, a caer en desuso como las pelucas afrancesadas. \u00a1Bienvenidos al pasado!<\/p>\n<p><strong>Actualizaci\u00f3n II<\/strong><br \/>\nReleyendo en la \u00ab<a href=\"ttp:\/\/www.larazon.es\/noticias\/noti_rel21319.htm\" target=\"_blank\">prensa<\/a>\u00bb otras declaraciones de Rouco, veo que cita una frase del Papa que lo explica todo claramente. Sab\u00eda yo que no era tan tonto el Papa, casi da en el clavo. Dice que la divisi\u00f3n entre los pueblos de Europa no surge del enfrentamiento confesional o los choques pol\u00edticos, sino \u201cde la creciente opci\u00f3n de vida, hecha por muchos ciudadanos de Europa y por las m\u00e1s influyentes corrientes de su cultura y opini\u00f3n p\u00fablicas, negando expl\u00edcitamente a Dios o como si no existiese\u201d. Claro hombre, casi lo has pillado. Te ha costado media vida pero has visto la luz. No existe tal divisi\u00f3n, pero claro que actuamos como si Dios no existiese, \u00a1porque no existe!<\/p>\n","protected":false},"excerpt":{"rendered":"<p>La conferencia episcopal espa\u00f1ola est\u00e1 en estado de guerra. El cardenal Rouco cita al profeta Malaqu\u00edas y clama por la sangre de (nosotros) los \u201cinfieles\u201d, dice: \u201cS\u00ed, llegar\u00e1 el d\u00eda ardiente como un horno, en el que los malvados y perversos ser\u00e1n la paja, en el que no quedar\u00e1 de ellos ni rama ni rastro;&hellip;&nbsp;<a href=\"https:\/\/junjan.org\/wordpress\/2004\/11\/como_un_horno_act_ii\/\" rel=\"bookmark\">Leer m\u00e1s &raquo;<span class=\"screen-reader-text\">Como un horno (act II)<\/span><\/a><\/p>\n","protected":false},"author":1,"featured_media":0,"comment_status":"open","ping_status":"open","sticky":false,"template":"","format":"standard","meta":{"neve_meta_sidebar":"","neve_meta_container":"","neve_meta_enable_content_width":"","neve_meta_content_width":0,"neve_meta_title_alignment":"","neve_meta_author_avatar":"","neve_post_elements_order":"","neve_meta_disable_header":"","neve_meta_disable_footer":"","neve_meta_disable_title":"","footnotes":""},"categories":[9],"tags":[504,506,482,505],"class_list":["post-356","post","type-post","status-publish","format-standard","hentry","category-opinion","tag-anacronismo","tag-conferencia-episcopal","tag-dios-no-existe","tag-rouco-varela"],"_links":{"self":[{"href":"https:\/\/junjan.org\/wordpress\/wp-json\/wp\/v2\/posts\/356","targetHints":{"allow":["GET"]}}],"collection":[{"href":"https:\/\/junjan.org\/wordpress\/wp-json\/wp\/v2\/posts"}],"about":[{"href":"https:\/\/junjan.org\/wordpress\/wp-json\/wp\/v2\/types\/post"}],"author":[{"embeddable":true,"href":"https:\/\/junjan.org\/wordpress\/wp-json\/wp\/v2\/users\/1"}],"replies":[{"embeddable":true,"href":"https:\/\/junjan.org\/wordpress\/wp-json\/wp\/v2\/comments?post=356"}],"version-history":[{"count":2,"href":"https:\/\/junjan.org\/wordpress\/wp-json\/wp\/v2\/posts\/356\/revisions"}],"predecessor-version":[{"id":1220,"href":"https:\/\/junjan.org\/wordpress\/wp-json\/wp\/v2\/posts\/356\/revisions\/1220"}],"wp:attachment":[{"href":"https:\/\/junjan.org\/wordpress\/wp-json\/wp\/v2\/media?parent=356"}],"wp:term":[{"taxonomy":"category","embeddable":true,"href":"https:\/\/junjan.org\/wordpress\/wp-json\/wp\/v2\/categories?post=356"},{"taxonomy":"post_tag","embeddable":true,"href":"https:\/\/junjan.org\/wordpress\/wp-json\/wp\/v2\/tags?post=356"}],"curies":[{"name":"wp","href":"https:\/\/api.w.org\/{rel}","templated":true}]}}