{"id":359,"date":"2004-11-17T00:09:20","date_gmt":"2004-11-17T00:09:20","guid":{"rendered":"http:\/\/junjan.org\/wordpress\/?p=359"},"modified":"2020-11-26T23:57:36","modified_gmt":"2020-11-26T22:57:36","slug":"historietas","status":"publish","type":"post","link":"https:\/\/junjan.org\/wordpress\/2004\/11\/historietas\/","title":{"rendered":"Historietas"},"content":{"rendered":"\n<p>Ese ponente en Congresos que se pasea \u00faltimamente por Espa\u00f1a y Am\u00e9rica (Aznar), sigue propagando sin descanso sus machacones mensajes. Ahora le da por dar clases de historia, de esas del modelo \u201csi no pega pa\u2019 cuando pegue\u201d. En su \u00faltima conferencia, titulada <a rel=\"noreferrer noopener\" href=\"http:\/\/www.libertaddigital.com\/noticias\/noticia_1276237744.html\" target=\"_blank\">La revoluci\u00f3n de la libertad<\/a>, ha intentado juntar a sus personajes favoritos en un \u00fanico y grandioso concepto que simplifica y banaliza la historia contempor\u00e1nea. Dice:<\/p>\n\n\n\n<blockquote class=\"wp-block-ugb-blockquote ugb-blockquote ugb-fc0fb79 ugb-blockquote--v3 ugb-blockquote--design-plain ugb-main-block\"><style>.ugb-fc0fb79 .ugb-blockquote__quote{width:70px !important;height:70px !important}<\/style><div class=\"ugb-inner-block\"><div class=\"ugb-block-content\"><div class=\"ugb-blockquote__item\"><svg viewbox=\"0 0 50 50\" xmlns=\"http:\/\/www.w3.org\/2000\/svg\" class=\"ugb-blockquote__quote\" width=\"70\" height=\"70\"><path d=\"M19.8 9.3C10.5 11.8 4.6 17 2.1 24.8c2.3-3.6 5.6-5.4 9.9-5.4 3.3 0 6 1.1 8.3 3.3 2.2 2.2 3.4 5 3.4 8.3 0 3.2-1.1 5.8-3.3 8-2.2 2.2-5.1 3.2-8.7 3.2-3.7 0-6.5-1.2-8.6-3.5C1 36.3 0 33.1 0 29 0 18.3 6.5 11.2 19.6 7.9l.2 1.4zm26.4 0C36.9 11.9 31 17 28.5 24.8c2.2-3.6 5.5-5.4 9.8-5.4 3.2 0 6 1.1 8.3 3.2 2.3 2.2 3.4 4.9 3.4 8.3 0 3.1-1.1 5.8-3.3 7.9-2.2 2.2-5.1 3.3-8.6 3.3-3.7 0-6.6-1.1-8.6-3.4-2.1-2.3-3.1-5.5-3.1-9.7 0-10.7 6.6-17.8 19.7-21.1l.1 1.4z\"><\/path><\/svg><div class=\"ugb-blockquote__content\"><p class=\"ugb-blockquote__text\">\u201cQuienes derrotaron al nacionalsocialismo de Hitler no lo hicieron contemporizando con \u00e9l. Algunos lo intentaron y no s\u00f3lo fracasaron, sino que dejaron una situaci\u00f3n a\u00fan peor cuando tuvieron que ceder el testigo a quienes no estaban dispuestos a pactar con el tirano. Quienes derrotaron a los nazis y fascistas fueron quienes lucharon en las playas de Normand\u00eda o en las laderas de Monte Cassino, liderados por Churchill y Roosevelt.\u201d<\/p><\/div><\/div><\/div><\/div><\/blockquote>\n\n\n\n<p>Pues nada, nos olvidamos la historia de verdad y nos inventamos una especie de leyenda cat\u00f3lico-falangista del universo donde los nazis eran de izquierdas, donde Franco no existe, donde los rusos no lucharon, y donde los americanos hicieron todo el trabajo. \u00a1Qu\u00e9 bonito! Se olvida que muchos republicanos espa\u00f1oles estuvieron en esos desembarcos que tanto le gustan, deduzco que no lo sabe, como se entere le da algo.<br> Sigue:<\/p>\n\n\n\n<blockquote class=\"wp-block-ugb-blockquote ugb-blockquote ugb-a9b2f08 ugb-blockquote--v3 ugb-blockquote--design-plain ugb-main-block\"><style>.ugb-a9b2f08 .ugb-blockquote__quote{width:70px !important;height:70px !important}<\/style><div class=\"ugb-inner-block\"><div class=\"ugb-block-content\"><div class=\"ugb-blockquote__item\"><svg viewbox=\"0 0 50 50\" xmlns=\"http:\/\/www.w3.org\/2000\/svg\" class=\"ugb-blockquote__quote\" width=\"70\" height=\"70\"><path d=\"M19.8 9.3C10.5 11.8 4.6 17 2.1 24.8c2.3-3.6 5.6-5.4 9.9-5.4 3.3 0 6 1.1 8.3 3.3 2.2 2.2 3.4 5 3.4 8.3 0 3.2-1.1 5.8-3.3 8-2.2 2.2-5.1 3.2-8.7 3.2-3.7 0-6.5-1.2-8.6-3.5C1 36.3 0 33.1 0 29 0 18.3 6.5 11.2 19.6 7.9l.2 1.4zm26.4 0C36.9 11.9 31 17 28.5 24.8c2.2-3.6 5.5-5.4 9.8-5.4 3.2 0 6 1.1 8.3 3.2 2.3 2.2 3.4 4.9 3.4 8.3 0 3.1-1.1 5.8-3.3 7.9-2.2 2.2-5.1 3.3-8.6 3.3-3.7 0-6.6-1.1-8.6-3.4-2.1-2.3-3.1-5.5-3.1-9.7 0-10.7 6.6-17.8 19.7-21.1l.1 1.4z\"><\/path><\/svg><div class=\"ugb-blockquote__content\"><p class=\"ugb-blockquote__text\">\u201cQuienes derrotaron al comunismo fueron igualmente quienes se dieron cuenta de que merec\u00eda la pena luchar por la libertad. Quienes cre\u00edan en la superioridad moral de las democracias sobre las tiran\u00edas y se negaron a ceder terreno. Quienes lucharon desde m\u00e1s all\u00e1 del muro como Vaclav Havel, Lech Valesa o Andrei Sajarov. Quienes lucharon con sus ideas desde fuera de \u00e9l, como Ronald Reagan, Margaret Thatcher, Helmut Kohl o el Papa Juan Pablo II. Y sobre todo, quienes entregaron sus vidas, pero nunca su dignidad, en los cientos de Gulags de Rusia, China, Camboya o Cuba.<br><br>No ser\u00eda justo dejar de mencionar a Mijail Gorbachov. El \u00faltimo l\u00edder sovi\u00e9tico tuvo la inteligencia de reconocer que su sistema se hab\u00eda derrumbado. Y la generosidad de no hacer esfuerzos est\u00e9riles, pero que habr\u00edan podido ser terribles para todos, para defender lo ya indefendible.\u201dDescripci\u00f3n para este bloque. Usa este espacio para describir tu bloque. Servir\u00e1 cualquier texto. Descripci\u00f3n para este bloque. Puedes usar este espacio para describir tu bloque. Descripci\u00f3n para este bloque. Usa este espacio para describir tu bloque. Servir\u00e1 cualquier texto. Descripci\u00f3n para este bloque. Puedes usar este espacio para describir tu bloque.<\/p><\/div><\/div><\/div><\/div><\/blockquote>\n\n\n\n<p>La verdad es que est\u00e1 m\u00e1s que demostrado que la influencia que tuvo Reagan y su gobierno vaquero en la \u201cca\u00edda del muro\u201d fue puramente testimonial, y aunque el apoyo del Vaticano al sindicato Solidaridad tuviera su importancia, tampoco fue un factor esencial, pero \u00bfla Thatcher? Y claro, no dejemos de mencionar, a nuestros futuros invitados en la FAES, Kohl y Havel.<br> Pero la cosa no acaba ah\u00ed:<\/p>\n\n\n\n<blockquote class=\"wp-block-ugb-blockquote ugb-blockquote ugb-c3c5145 ugb-blockquote--v3 ugb-blockquote--design-plain ugb-main-block\"><style>.ugb-c3c5145 .ugb-blockquote__quote{width:70px !important;height:70px !important}<\/style><div class=\"ugb-inner-block\"><div class=\"ugb-block-content\"><div class=\"ugb-blockquote__item\"><svg viewbox=\"0 0 50 50\" xmlns=\"http:\/\/www.w3.org\/2000\/svg\" class=\"ugb-blockquote__quote\" width=\"70\" height=\"70\"><path d=\"M19.8 9.3C10.5 11.8 4.6 17 2.1 24.8c2.3-3.6 5.6-5.4 9.9-5.4 3.3 0 6 1.1 8.3 3.3 2.2 2.2 3.4 5 3.4 8.3 0 3.2-1.1 5.8-3.3 8-2.2 2.2-5.1 3.2-8.7 3.2-3.7 0-6.5-1.2-8.6-3.5C1 36.3 0 33.1 0 29 0 18.3 6.5 11.2 19.6 7.9l.2 1.4zm26.4 0C36.9 11.9 31 17 28.5 24.8c2.2-3.6 5.5-5.4 9.8-5.4 3.2 0 6 1.1 8.3 3.2 2.3 2.2 3.4 4.9 3.4 8.3 0 3.1-1.1 5.8-3.3 7.9-2.2 2.2-5.1 3.3-8.6 3.3-3.7 0-6.6-1.1-8.6-3.4-2.1-2.3-3.1-5.5-3.1-9.7 0-10.7 6.6-17.8 19.7-21.1l.1 1.4z\"><\/path><\/svg><div class=\"ugb-blockquote__content\"><p class=\"ugb-blockquote__text\">\u201cHoy, igual que ayer, es in\u00fatil el apaciguamiento cuando de lo que se trata es de defender los pilares mismos de nuestras democracias. No se pod\u00eda transigir con Hitler, aunque algunos lo intentaron in\u00fatilmente. No se pod\u00eda transigir con Pol Pot, aunque algunos no quisieran ver lo que estaba ocurriendo en su pa\u00eds. Hoy no se puede transigir con terroristas como Bin Laden, aunque haya quien prefiera fijar su atenci\u00f3n en qu\u00e9 los separa de los Estados Unidos, en vez de esforzarse por trabajar conjuntamente contra el terror.\u201dDescripci\u00f3n para este bloque. Usa este espacio para describir tu bloque. Servir\u00e1 cualquier texto. Descripci\u00f3n para este bloque. Puedes usar este espacio para describir tu bloque. Descripci\u00f3n para este bloque. Usa este espacio para describir tu bloque. Servir\u00e1 cualquier texto. Descripci\u00f3n para este bloque. Puedes usar este espacio para describir tu bloque.<\/p><\/div><\/div><\/div><\/div><\/blockquote>\n\n\n\n<p>\u00bfPero qu\u00e9 quiere decir? \u00a1Se le ha ido la pinza! \u00a1Qu\u00e9 delirios! \u00a1Deduzco que fueron los de izquierdas los que ayudaron a Hitler, los que financiaron a Bin-Laden y los que pusieron demasiada sal en la galletitas de Bush! \u00a1Qu\u00e9 infantilismo! \u00a1Qu\u00e9 simpleza! \u00a1Y a lo peor se cree lo que dice! Bochornoso.<\/p>\n","protected":false},"excerpt":{"rendered":"<p>Ese ponente en Congresos que se pasea \u00faltimamente por Espa\u00f1a y Am\u00e9rica (Aznar), sigue propagando sin descanso sus machacones mensajes. Ahora le da por dar clases de historia, de esas del modelo \u201csi no pega pa\u2019 cuando pegue\u201d. En su \u00faltima conferencia, titulada La revoluci\u00f3n de la libertad, ha intentado juntar a sus personajes favoritos&hellip;&nbsp;<a href=\"https:\/\/junjan.org\/wordpress\/2004\/11\/historietas\/\" rel=\"bookmark\">Leer m\u00e1s &raquo;<span class=\"screen-reader-text\">Historietas<\/span><\/a><\/p>\n","protected":false},"author":1,"featured_media":0,"comment_status":"open","ping_status":"open","sticky":false,"template":"","format":"standard","meta":{"neve_meta_sidebar":"","neve_meta_container":"","neve_meta_enable_content_width":"","neve_meta_content_width":0,"neve_meta_title_alignment":"","neve_meta_author_avatar":"","neve_post_elements_order":"","neve_meta_disable_header":"","neve_meta_disable_footer":"","neve_meta_disable_title":"","footnotes":""},"categories":[5],"tags":[230,661],"class_list":["post-359","post","type-post","status-publish","format-standard","hentry","category-actualidad","tag-aznar","tag-fascismo"],"_links":{"self":[{"href":"https:\/\/junjan.org\/wordpress\/wp-json\/wp\/v2\/posts\/359","targetHints":{"allow":["GET"]}}],"collection":[{"href":"https:\/\/junjan.org\/wordpress\/wp-json\/wp\/v2\/posts"}],"about":[{"href":"https:\/\/junjan.org\/wordpress\/wp-json\/wp\/v2\/types\/post"}],"author":[{"embeddable":true,"href":"https:\/\/junjan.org\/wordpress\/wp-json\/wp\/v2\/users\/1"}],"replies":[{"embeddable":true,"href":"https:\/\/junjan.org\/wordpress\/wp-json\/wp\/v2\/comments?post=359"}],"version-history":[{"count":1,"href":"https:\/\/junjan.org\/wordpress\/wp-json\/wp\/v2\/posts\/359\/revisions"}],"predecessor-version":[{"id":2656,"href":"https:\/\/junjan.org\/wordpress\/wp-json\/wp\/v2\/posts\/359\/revisions\/2656"}],"wp:attachment":[{"href":"https:\/\/junjan.org\/wordpress\/wp-json\/wp\/v2\/media?parent=359"}],"wp:term":[{"taxonomy":"category","embeddable":true,"href":"https:\/\/junjan.org\/wordpress\/wp-json\/wp\/v2\/categories?post=359"},{"taxonomy":"post_tag","embeddable":true,"href":"https:\/\/junjan.org\/wordpress\/wp-json\/wp\/v2\/tags?post=359"}],"curies":[{"name":"wp","href":"https:\/\/api.w.org\/{rel}","templated":true}]}}