{"id":36,"date":"2004-03-14T11:40:28","date_gmt":"2004-03-14T11:40:28","guid":{"rendered":"http:\/\/junjan.org\/wordpress\/?p=36"},"modified":"2022-08-26T19:42:15","modified_gmt":"2022-08-26T17:42:15","slug":"sms_pginas_web_y_correo_electr","status":"publish","type":"post","link":"https:\/\/junjan.org\/wordpress\/2004\/03\/sms_pginas_web_y_correo_electr\/","title":{"rendered":"SMS, p\u00e1ginas web y correo electr\u00f3nico"},"content":{"rendered":"<div class=\"wp-block-image\">\n<figure class=\"alignleft size-full\"><a href=\"https:\/\/junjan.org\/wordpress\/wp-content\/uploads\/2011\/06\/sol_13M.png\"><img loading=\"lazy\" decoding=\"async\" width=\"300\" height=\"214\" src=\"https:\/\/junjan.org\/wordpress\/wp-content\/uploads\/2011\/06\/sol_13M.png\" alt=\"13M manifestacion\" class=\"wp-image-1671\" srcset=\"https:\/\/junjan.org\/wordpress\/wp-content\/uploads\/2011\/06\/sol_13M.png 300w, https:\/\/junjan.org\/wordpress\/wp-content\/uploads\/2011\/06\/sol_13M-150x107.png 150w\" sizes=\"auto, (max-width: 300px) 100vw, 300px\" \/><\/a><figcaption>Sol 13M<\/figcaption><\/figure>\n<\/div>\n\n\n<p>La jugada perfecta de la manipulaci\u00f3n informativa tuvo ayer un escape. Como consecuencia, miles de m\u00f3viles y correos electr\u00f3nicos sonaron durante toda la tarde para convocar a una protesta popular que lleno las calles del centro de Madrid. Acud\u00ed a la Puerta del Sol a las 23 horas. Al principio hab\u00eda poca gente, pero gente muy muy cabreada, muy seria, haciendo mucho ruido, con cacerolas, con sartenes, con cubos de basura, palmas, silbidos. Todo el mundo con el m\u00f3vil en la mano, llamando a amigos y conocidos.<br>En cuanto el n\u00famero de gente fue el m\u00ednimo efectivo para cortar la calle, se hizo un\u00e1nimemente, no tuvo nadie que dar consignas. Poco a poco fue llegando m\u00e1s y m\u00e1s gente y supongo que se nos unieron las personas que protestaban en la calle G\u00e9nova desde las 18:00. No hab\u00eda polic\u00eda.<br>Frases: \u201cya lo dijimos, no a la guerra\u201d, \u201cesto nos pasa por un gobierno facha\u201d, \u201cmentirosos\u201d, \u201ctelevisi\u00f3n, manipulaci\u00f3n\u201d (cuando pasaban las c\u00e1maras), \u201cqueremos salir en la primera\u201d, \u201cy luego dir\u00e1n que somos cinco o seis\u201d, \u201cle llaman democracia y no lo es\u201d, \u201cno estamos todos, faltan 200\u201d, \u201cte va a votar, tu puta madre\u201d&#8230;<br>Despu\u00e9s nos fuimos a Atocha por la Calle Huertas. En Atocha se acabaron de unir a la protesta las personas que quedaban en G\u00e9nova y que ven\u00edan por La Castellana. A las 2:00 se hicieron cinco minutos de silencio por las v\u00edctimas (sobrecogedores). A las 2:30 se decidi\u00f3 ir otra vez hasta la calle G\u00e9nova, pasando por Las Cortes, donde llegamos a las 3:30 aproximadamente.<br>Me impresionaron dos cosas.<br>La primera fue, que sin haber ning\u00fan tipo de organizaci\u00f3n, todos nos compenetr\u00e1bamos perfectamente, la gente expresaba su repulsa al atentado y su condena al gobierno. Tantos a\u00f1os de mentira ten\u00edan que acabar pasando factura.<br>La segunda fue la gente que nos miraba desde las puertas de las discotecas y pubs. Eso me impresion\u00f3 sobremanera. Esos j\u00f3venes nos miraban como el que mira a los animales del zoo, sin mucho inter\u00e9s. Cuando grit\u00e1bamos \u201cno nos mires, \u00fanete\u201d, s\u00f3lo despertamos en ellos un parpadeo. Espero que sean minor\u00eda, porque como la minor\u00eda seamos nosotros, hoy vuelve a salir el PP.<br>Pido desde aqu\u00ed otra vez, <strong>todos a votar<\/strong>. Hay que contrarrestar la anestesia del gobierno.<br>M\u00e1s fotos en <a href=\"http:\/\/manipuladores.webcindario.com\/\">manipuladores.webcindario.com<\/a><\/p>\n\n\n\n\n\n\n","protected":false},"excerpt":{"rendered":"<p>La jugada perfecta de la manipulaci\u00f3n informativa tuvo ayer un escape. Como consecuencia, miles de m\u00f3viles y correos electr\u00f3nicos sonaron durante toda la tarde para convocar a una protesta popular que lleno las calles del centro de Madrid. Acud\u00ed a la Puerta del Sol a las 23 horas. Al principio hab\u00eda poca gente, pero gente&hellip;&nbsp;<a href=\"https:\/\/junjan.org\/wordpress\/2004\/03\/sms_pginas_web_y_correo_electr\/\" rel=\"bookmark\">Leer m\u00e1s &raquo;<span class=\"screen-reader-text\">SMS, p\u00e1ginas web y correo electr\u00f3nico<\/span><\/a><\/p>\n","protected":false},"author":1,"featured_media":0,"comment_status":"open","ping_status":"open","sticky":false,"template":"","format":"standard","meta":{"neve_meta_sidebar":"","neve_meta_container":"","neve_meta_enable_content_width":"","neve_meta_content_width":0,"neve_meta_title_alignment":"","neve_meta_author_avatar":"","neve_post_elements_order":"","neve_meta_disable_header":"","neve_meta_disable_footer":"","neve_meta_disable_title":"","footnotes":""},"categories":[5],"tags":[36,658,530,639,640,507],"class_list":["post-36","post","type-post","status-publish","format-standard","hentry","category-actualidad","tag-11m","tag-13m","tag-atentados","tag-madrid","tag-manipulacion","tag-pp"],"_links":{"self":[{"href":"https:\/\/junjan.org\/wordpress\/wp-json\/wp\/v2\/posts\/36","targetHints":{"allow":["GET"]}}],"collection":[{"href":"https:\/\/junjan.org\/wordpress\/wp-json\/wp\/v2\/posts"}],"about":[{"href":"https:\/\/junjan.org\/wordpress\/wp-json\/wp\/v2\/types\/post"}],"author":[{"embeddable":true,"href":"https:\/\/junjan.org\/wordpress\/wp-json\/wp\/v2\/users\/1"}],"replies":[{"embeddable":true,"href":"https:\/\/junjan.org\/wordpress\/wp-json\/wp\/v2\/comments?post=36"}],"version-history":[{"count":4,"href":"https:\/\/junjan.org\/wordpress\/wp-json\/wp\/v2\/posts\/36\/revisions"}],"predecessor-version":[{"id":2818,"href":"https:\/\/junjan.org\/wordpress\/wp-json\/wp\/v2\/posts\/36\/revisions\/2818"}],"wp:attachment":[{"href":"https:\/\/junjan.org\/wordpress\/wp-json\/wp\/v2\/media?parent=36"}],"wp:term":[{"taxonomy":"category","embeddable":true,"href":"https:\/\/junjan.org\/wordpress\/wp-json\/wp\/v2\/categories?post=36"},{"taxonomy":"post_tag","embeddable":true,"href":"https:\/\/junjan.org\/wordpress\/wp-json\/wp\/v2\/tags?post=36"}],"curies":[{"name":"wp","href":"https:\/\/api.w.org\/{rel}","templated":true}]}}