{"id":360,"date":"2004-11-18T00:35:59","date_gmt":"2004-11-18T00:35:59","guid":{"rendered":"http:\/\/junjan.org\/wordpress\/?p=360"},"modified":"2004-11-18T00:35:59","modified_gmt":"2004-11-18T00:35:59","slug":"secuestro_permanente","status":"publish","type":"post","link":"https:\/\/junjan.org\/wordpress\/2004\/11\/secuestro_permanente\/","title":{"rendered":"Secuestro permanente"},"content":{"rendered":"<p>La Corte Suprema de Chile acaba de ratificar una sentencia de importancia hist\u00f3rica en el juicio por la desaparici\u00f3n de Miguel \u00c1ngel Sandoval. En la sentencia se considera **que los desaparecidos son v\u00edctimas del delito de secuestro permanente, delito que no expira hasta que se encuentre el cuerpo de la v\u00edctima.** Por lo tanto no puede aplicarse la ley de amnist\u00eda a los condenados por secuestros y desapariciones durante la terrible dictadura de Pinochet, ya que el delito persiste.<br \/>\nEsta sentencia crea un precedente totalmente nuevo en la lucha por la defensa de los derechos humanos, ya que pone en contra de los asesinos sus propias armas, a saber, la ocultaci\u00f3n o desaparici\u00f3n de los cad\u00e1veres.<br \/>\nSer\u00eda interesante que esta iniciativa se adoptara universalmente y que se aplicara en muchos de los flagrantes casos de desapariciones que han ocurrido y ocurren en la actualidad. El Tribunal Penal Internacional y el Tribunal Europeo de Justicia deber\u00edan seguir el ejemplo. \u00bfQu\u00e9 pasar\u00eda si esto se consiguiera incluir en las Convenciones internacionales?<br \/>\nLos presidentes y jefes de estado de muchos pa\u00edses ser\u00edan susceptibles de ser acusados por tribunales internacionales como c\u00f3mplices en miles de \u201csecuestros permanentes\u201d, desde Castro hasta Bush.<br \/>\nVer:<br \/>\n* \u00ab[\u00abFallo hist\u00f3rico en Chile\u00bb:http:\/\/news.bbc.co.uk\/hi\/spanish\/latin_america\/newsid_4021000\/4021207.stm ]\u00bb en BBC Mundo.<br \/>\n* \u00ab[\u00abSuprema rechaza amnist\u00eda en caso de secuestro de mirista y sienta precedente para causas de DDHH\u00bb:http:\/\/www.tercera.cl\/medio\/articulo\/0,0,3255_5664_99327475,00.html]\u00bb en La Tercera.<\/p>\n","protected":false},"excerpt":{"rendered":"<p>La Corte Suprema de Chile acaba de ratificar una sentencia de importancia hist\u00f3rica en el juicio por la desaparici\u00f3n de Miguel \u00c1ngel Sandoval. En la sentencia se considera **que los desaparecidos son v\u00edctimas del delito de secuestro permanente, delito que no expira hasta que se encuentre el cuerpo de la v\u00edctima.** Por lo tanto no&hellip;&nbsp;<a href=\"https:\/\/junjan.org\/wordpress\/2004\/11\/secuestro_permanente\/\" rel=\"bookmark\">Leer m\u00e1s &raquo;<span class=\"screen-reader-text\">Secuestro permanente<\/span><\/a><\/p>\n","protected":false},"author":1,"featured_media":0,"comment_status":"open","ping_status":"open","sticky":false,"template":"","format":"standard","meta":{"neve_meta_sidebar":"","neve_meta_container":"","neve_meta_enable_content_width":"","neve_meta_content_width":0,"neve_meta_title_alignment":"","neve_meta_author_avatar":"","neve_post_elements_order":"","neve_meta_disable_header":"","neve_meta_disable_footer":"","neve_meta_disable_title":"","footnotes":""},"categories":[5],"tags":[],"class_list":["post-360","post","type-post","status-publish","format-standard","hentry","category-actualidad"],"_links":{"self":[{"href":"https:\/\/junjan.org\/wordpress\/wp-json\/wp\/v2\/posts\/360","targetHints":{"allow":["GET"]}}],"collection":[{"href":"https:\/\/junjan.org\/wordpress\/wp-json\/wp\/v2\/posts"}],"about":[{"href":"https:\/\/junjan.org\/wordpress\/wp-json\/wp\/v2\/types\/post"}],"author":[{"embeddable":true,"href":"https:\/\/junjan.org\/wordpress\/wp-json\/wp\/v2\/users\/1"}],"replies":[{"embeddable":true,"href":"https:\/\/junjan.org\/wordpress\/wp-json\/wp\/v2\/comments?post=360"}],"version-history":[{"count":0,"href":"https:\/\/junjan.org\/wordpress\/wp-json\/wp\/v2\/posts\/360\/revisions"}],"wp:attachment":[{"href":"https:\/\/junjan.org\/wordpress\/wp-json\/wp\/v2\/media?parent=360"}],"wp:term":[{"taxonomy":"category","embeddable":true,"href":"https:\/\/junjan.org\/wordpress\/wp-json\/wp\/v2\/categories?post=360"},{"taxonomy":"post_tag","embeddable":true,"href":"https:\/\/junjan.org\/wordpress\/wp-json\/wp\/v2\/tags?post=360"}],"curies":[{"name":"wp","href":"https:\/\/api.w.org\/{rel}","templated":true}]}}