{"id":361,"date":"2004-11-19T00:43:13","date_gmt":"2004-11-19T00:43:13","guid":{"rendered":"http:\/\/junjan.org\/wordpress\/?p=361"},"modified":"2011-05-24T12:42:10","modified_gmt":"2011-05-24T10:42:10","slug":"fe_e_imaginacin","status":"publish","type":"post","link":"https:\/\/junjan.org\/wordpress\/2004\/11\/fe_e_imaginacin\/","title":{"rendered":"Fe e Imaginaci\u00f3n"},"content":{"rendered":"<blockquote><p>Con la fe de tu lado no hay miedo. Con fe, puedes hablar de lo que quieras sin conocimiento, porque Dios te lo proporcionar\u00e1 y tus palabras ser\u00e1n guiadas con total sabidur\u00eda.<\/p><\/blockquote>\n<p>Esto que me acabo de inventar, es lo que debe opinar el obispo de Segorbe-Castell\u00f3n, Juan Antonio Reig Pla. En unas hilarantes declaraciones, mitad necedad, mitad candidez, nos demuestra que no hay nada peor que el dogmatismo:<\/p>\n<blockquote>\n<div class=\"citation\">(Respecto a la pel\u00edcula &#8216;Mar adentro&#8217; de Alejandro Amen\u00e1bar)<br \/>\n\u201cSe trata de un canto a la muerte, es decir, la obsesi\u00f3n por morir\u00bb, y aclar\u00f3 que se trata de un \u00abcaso aislado\u00bb, ya que, seg\u00fan dijo, \u00abninguno de los tetrapl\u00e9jicos que existen en Espa\u00f1a reclaman morir, sino disponer de los medios adecuados para vivir y del cari\u00f1o de sus familias\u201d.<\/div>\n<div class=\"citation\">\nPregunta el periodista: \u00bfLa ha visto?<br \/>\nResponde el obispo: No, no la he visto. No hace falta verla con todo lo que ha salido por la televisi\u00f3n\u2026<\/div>\n<\/blockquote>\n<div class=\"citation\"><em>(Lo digo de memoria, intentar\u00e9 buscar las palabras exactas)<\/em><\/div>\n<p>En \u00e9sta misma l\u00ednea de \u201cla fe mueve monta\u00f1as\u201d, Ignacio Astarloa (ex-secretario de Estado de Seguridad) ha tomado el pelo miserablemente a la comisi\u00f3n del 11M. Sin salirse de \u00abla lecci\u00f3n\u00bb y negando todas las pruebas que indican que no hubo ninguna relaci\u00f3n entre Al-Qaeda y ETA, ha dicho (<a href=\"http:\/\/www.cadenaser.com\/articulo.html?d_date=&amp;xref=20041118csrcsrnac_1&amp;type=Tes&amp;anchor=csrcsrpor\" target=\"_blank\">Cadena Ser<\/a>):<\/p>\n<blockquote>\n<div class=\"citation\">\u201cNo he descartado la intervenci\u00f3n de ETA en el 11-M\u2026 Nuestro deber es poner todo lo que se tiene para llegar a saber qui\u00e9n ha sido (los autores), sin descartar nada, poniendo la misma intensidad en todas y cada una de las l\u00edneas\u201d<\/div>\n<\/blockquote>\n<p>Confirma que los ex-miembros del gobierno del PP tienen la cara m\u00e1s dura que el granito y que toman a todos los espa\u00f1oles por idiotas supinos:<\/p>\n<div class=\"citation\">\u201cNo estamos al final de la investigaci\u00f3n, sino al principio de la misma\u2026al final se sabr\u00e1 la verdad\u2026 Nunca se minti\u00f3. No hubo en esos d\u00edas la m\u00e1s m\u00ednima manipulaci\u00f3n, ni conciencia ni voluntad de manipular nada. La principal instrucci\u00f3n que di en esos d\u00edas fue: por favor, poner lo mejor de vosotros mismos para ver si se aclara esto cuando antes.\u201d<\/div>\n<p>Contin\u00faa con esa rastrera y falsa estrategia que intenta sugerir que el PSOE oculta informaci\u00f3n sobre los atentados del 11M y que el autor \u201cintelectual\u201d (X) de los atentados est\u00e1 todav\u00eda por descubrir.<br \/>\nLa realidad no nos gusta, pues la cambiamos.<br \/>\n\u00bfEl caballo blanco de Santiago es blanco?, \u00abno problem\u00bb, decimos que es azul. Lo decimos una y otra vez. Hasta que la gente acabe pensando que es verde.<\/p>\n","protected":false},"excerpt":{"rendered":"<p>Con la fe de tu lado no hay miedo. Con fe, puedes hablar de lo que quieras sin conocimiento, porque Dios te lo proporcionar\u00e1 y tus palabras ser\u00e1n guiadas con total sabidur\u00eda. Esto que me acabo de inventar, es lo que debe opinar el obispo de Segorbe-Castell\u00f3n, Juan Antonio Reig Pla. En unas hilarantes declaraciones,&hellip;&nbsp;<a href=\"https:\/\/junjan.org\/wordpress\/2004\/11\/fe_e_imaginacin\/\" rel=\"bookmark\">Leer m\u00e1s &raquo;<span class=\"screen-reader-text\">Fe e Imaginaci\u00f3n<\/span><\/a><\/p>\n","protected":false},"author":1,"featured_media":0,"comment_status":"open","ping_status":"open","sticky":false,"template":"","format":"standard","meta":{"neve_meta_sidebar":"","neve_meta_container":"","neve_meta_enable_content_width":"","neve_meta_content_width":0,"neve_meta_title_alignment":"","neve_meta_author_avatar":"","neve_post_elements_order":"","neve_meta_disable_header":"","neve_meta_disable_footer":"","neve_meta_disable_title":"","footnotes":""},"categories":[9],"tags":[36,508,509,507],"class_list":["post-361","post","type-post","status-publish","format-standard","hentry","category-opinion","tag-11m","tag-al-qaeda","tag-eta","tag-pp"],"_links":{"self":[{"href":"https:\/\/junjan.org\/wordpress\/wp-json\/wp\/v2\/posts\/361","targetHints":{"allow":["GET"]}}],"collection":[{"href":"https:\/\/junjan.org\/wordpress\/wp-json\/wp\/v2\/posts"}],"about":[{"href":"https:\/\/junjan.org\/wordpress\/wp-json\/wp\/v2\/types\/post"}],"author":[{"embeddable":true,"href":"https:\/\/junjan.org\/wordpress\/wp-json\/wp\/v2\/users\/1"}],"replies":[{"embeddable":true,"href":"https:\/\/junjan.org\/wordpress\/wp-json\/wp\/v2\/comments?post=361"}],"version-history":[{"count":2,"href":"https:\/\/junjan.org\/wordpress\/wp-json\/wp\/v2\/posts\/361\/revisions"}],"predecessor-version":[{"id":1222,"href":"https:\/\/junjan.org\/wordpress\/wp-json\/wp\/v2\/posts\/361\/revisions\/1222"}],"wp:attachment":[{"href":"https:\/\/junjan.org\/wordpress\/wp-json\/wp\/v2\/media?parent=361"}],"wp:term":[{"taxonomy":"category","embeddable":true,"href":"https:\/\/junjan.org\/wordpress\/wp-json\/wp\/v2\/categories?post=361"},{"taxonomy":"post_tag","embeddable":true,"href":"https:\/\/junjan.org\/wordpress\/wp-json\/wp\/v2\/tags?post=361"}],"curies":[{"name":"wp","href":"https:\/\/api.w.org\/{rel}","templated":true}]}}