{"id":364,"date":"2004-11-24T09:30:00","date_gmt":"2004-11-24T09:30:00","guid":{"rendered":"http:\/\/junjan.org\/wordpress\/?p=364"},"modified":"2013-02-14T01:11:47","modified_gmt":"2013-02-14T00:11:47","slug":"golpes","status":"publish","type":"post","link":"https:\/\/junjan.org\/wordpress\/2004\/11\/golpes\/","title":{"rendered":"Golpes"},"content":{"rendered":"<p>Las sorpresivas <a href=\"http:\/\/www.elpais.es\/csermedia\/cadenaser\/media\/200411\/23\/espana\/20041123csrcsrnac_1_A_SAU.mp3\" target=\"_blank\">acusaciones<\/a>\u00a0(mp3) televisivas de Miguel Angel Moratinos de que el anterior embajador en Venezuela recibi\u00f3 la orden (de Aznar) de apoyar el golpe de estado que en 2002 trat\u00f3 de derrocar al presidente venezolano Hugo Ch\u00e1vez, han agitado el hormiguero.<br \/>\nEl PP, con Mariano \u00abel Tato\u00bb Rajoy al frente, ya ha pedido su dimisi\u00f3n.<br \/>\nEl asunto es bastante surrealista se mire como se mire. Para empezar no entiendo las razones de Moratinos para provocar este mini-esc\u00e1ndalo. \u00bfSe le escap\u00f3 en el calor del debate? \u00bfQuer\u00eda hacerle un gui\u00f1o a Ch\u00e1vez en su gira hisp\u00e1nica? \u00bfSe sinti\u00f3 parte del Gran Hermano por unos instantes? \u00bfLe daba tanta pena el PP que decidi\u00f3 darles un poco de correilla para el fin de a\u00f1o?<br \/>\nVeremos que nos cuenta en su comparecencia en el Congreso.<br \/>\nPor otro lado, no deja de sorprender la capacidad cuasi-circense con que los pol\u00edticos cambian de papel. De ser candidatos a dimitir por multiples razones (o hilillos), pasan a exigir dimisiones sin rubor alguno. Bienvenidos al circo.<\/p>\n","protected":false},"excerpt":{"rendered":"<p>Las sorpresivas acusaciones\u00a0(mp3) televisivas de Miguel Angel Moratinos de que el anterior embajador en Venezuela recibi\u00f3 la orden (de Aznar) de apoyar el golpe de estado que en 2002 trat\u00f3 de derrocar al presidente venezolano Hugo Ch\u00e1vez, han agitado el hormiguero. El PP, con Mariano \u00abel Tato\u00bb Rajoy al frente, ya ha pedido su dimisi\u00f3n.&hellip;&nbsp;<a href=\"https:\/\/junjan.org\/wordpress\/2004\/11\/golpes\/\" rel=\"bookmark\">Leer m\u00e1s &raquo;<span class=\"screen-reader-text\">Golpes<\/span><\/a><\/p>\n","protected":false},"author":1,"featured_media":0,"comment_status":"open","ping_status":"open","sticky":false,"template":"","format":"standard","meta":{"neve_meta_sidebar":"","neve_meta_container":"","neve_meta_enable_content_width":"","neve_meta_content_width":0,"neve_meta_title_alignment":"","neve_meta_author_avatar":"","neve_post_elements_order":"","neve_meta_disable_header":"","neve_meta_disable_footer":"","neve_meta_disable_title":"","footnotes":""},"categories":[5],"tags":[922,921,648],"class_list":["post-364","post","type-post","status-publish","format-standard","hentry","category-actualidad","tag-chavez","tag-moratinos","tag-rajoy"],"_links":{"self":[{"href":"https:\/\/junjan.org\/wordpress\/wp-json\/wp\/v2\/posts\/364","targetHints":{"allow":["GET"]}}],"collection":[{"href":"https:\/\/junjan.org\/wordpress\/wp-json\/wp\/v2\/posts"}],"about":[{"href":"https:\/\/junjan.org\/wordpress\/wp-json\/wp\/v2\/types\/post"}],"author":[{"embeddable":true,"href":"https:\/\/junjan.org\/wordpress\/wp-json\/wp\/v2\/users\/1"}],"replies":[{"embeddable":true,"href":"https:\/\/junjan.org\/wordpress\/wp-json\/wp\/v2\/comments?post=364"}],"version-history":[{"count":2,"href":"https:\/\/junjan.org\/wordpress\/wp-json\/wp\/v2\/posts\/364\/revisions"}],"predecessor-version":[{"id":2285,"href":"https:\/\/junjan.org\/wordpress\/wp-json\/wp\/v2\/posts\/364\/revisions\/2285"}],"wp:attachment":[{"href":"https:\/\/junjan.org\/wordpress\/wp-json\/wp\/v2\/media?parent=364"}],"wp:term":[{"taxonomy":"category","embeddable":true,"href":"https:\/\/junjan.org\/wordpress\/wp-json\/wp\/v2\/categories?post=364"},{"taxonomy":"post_tag","embeddable":true,"href":"https:\/\/junjan.org\/wordpress\/wp-json\/wp\/v2\/tags?post=364"}],"curies":[{"name":"wp","href":"https:\/\/api.w.org\/{rel}","templated":true}]}}