{"id":37,"date":"2004-03-14T12:08:39","date_gmt":"2004-03-14T12:08:39","guid":{"rendered":"http:\/\/junjan.org\/wordpress\/?p=37"},"modified":"2022-08-26T19:43:11","modified_gmt":"2022-08-26T17:43:11","slug":"comunicado_de_alqaeda","status":"publish","type":"post","link":"https:\/\/junjan.org\/wordpress\/2004\/03\/comunicado_de_alqaeda\/","title":{"rendered":"Comunicado de Al-Qaeda"},"content":{"rendered":"<p>Una llamada a Telemadrid avis\u00f3 ayer que una cinta con un comunicado de Al-Qaeda podr\u00eda encontrarse en una papelera situada entre el tanatorio y la mezquita de la M-30 de Madrid.<br \/>\nLa cinta contiene un supuesto comunicado de Al-Qaeda que dice lo siguiente:<br \/>\n<span class=\"citation\">\u201cDeclaramos nuestra responsabilidad de lo que ha ocurrido en Madrid, justos dos a\u00f1os y medio despu\u00e9s de los atentados de Nueva York y Washington. Es una respuesta a vuestra colaboraci\u00f3n con los criminales Bush y sus aliados. Esto es como respuesta a los cr\u00edmenes que hab\u00e9is causado en el mundo y en concreto en Irak y en Afganist\u00e1n y habr\u00e1 m\u00e1s si Dios quiere. Vosotros quer\u00e9is la vida y nosotros queremos la muerte, lo que da un ejemplo de lo que dijo el Profeta Mahoma, si no par\u00e1is vuestras injusticias la sangre ir\u00e1 m\u00e1s a m\u00e1s y estos atentados son muy poco con lo que podr\u00e1 ocurrir con lo que llam\u00e1is el terrorismo. Esto es un aviso del portavoz militar de Al Qaeda en Europa. (firmado) <i>Abu Dujan Al Afgani<\/i>\u201d<\/span><br \/>\nTodav\u00eda se tiene que confirmar su veracidad.<\/p>\n","protected":false},"excerpt":{"rendered":"<p>Una llamada a Telemadrid avis\u00f3 ayer que una cinta con un comunicado de Al-Qaeda podr\u00eda encontrarse en una papelera situada entre el tanatorio y la mezquita de la M-30 de Madrid. La cinta contiene un supuesto comunicado de Al-Qaeda que dice lo siguiente: \u201cDeclaramos nuestra responsabilidad de lo que ha ocurrido en Madrid, justos dos&hellip;&nbsp;<a href=\"https:\/\/junjan.org\/wordpress\/2004\/03\/comunicado_de_alqaeda\/\" rel=\"bookmark\">Leer m\u00e1s &raquo;<span class=\"screen-reader-text\">Comunicado de Al-Qaeda<\/span><\/a><\/p>\n","protected":false},"author":1,"featured_media":0,"comment_status":"open","ping_status":"open","sticky":false,"template":"","format":"standard","meta":{"neve_meta_sidebar":"","neve_meta_container":"","neve_meta_enable_content_width":"","neve_meta_content_width":0,"neve_meta_title_alignment":"","neve_meta_author_avatar":"","neve_post_elements_order":"","neve_meta_disable_header":"","neve_meta_disable_footer":"","neve_meta_disable_title":"","footnotes":""},"categories":[5],"tags":[36,508,530,639],"class_list":["post-37","post","type-post","status-publish","format-standard","hentry","category-actualidad","tag-11m","tag-al-qaeda","tag-atentados","tag-madrid"],"_links":{"self":[{"href":"https:\/\/junjan.org\/wordpress\/wp-json\/wp\/v2\/posts\/37","targetHints":{"allow":["GET"]}}],"collection":[{"href":"https:\/\/junjan.org\/wordpress\/wp-json\/wp\/v2\/posts"}],"about":[{"href":"https:\/\/junjan.org\/wordpress\/wp-json\/wp\/v2\/types\/post"}],"author":[{"embeddable":true,"href":"https:\/\/junjan.org\/wordpress\/wp-json\/wp\/v2\/users\/1"}],"replies":[{"embeddable":true,"href":"https:\/\/junjan.org\/wordpress\/wp-json\/wp\/v2\/comments?post=37"}],"version-history":[{"count":1,"href":"https:\/\/junjan.org\/wordpress\/wp-json\/wp\/v2\/posts\/37\/revisions"}],"predecessor-version":[{"id":2819,"href":"https:\/\/junjan.org\/wordpress\/wp-json\/wp\/v2\/posts\/37\/revisions\/2819"}],"wp:attachment":[{"href":"https:\/\/junjan.org\/wordpress\/wp-json\/wp\/v2\/media?parent=37"}],"wp:term":[{"taxonomy":"category","embeddable":true,"href":"https:\/\/junjan.org\/wordpress\/wp-json\/wp\/v2\/categories?post=37"},{"taxonomy":"post_tag","embeddable":true,"href":"https:\/\/junjan.org\/wordpress\/wp-json\/wp\/v2\/tags?post=37"}],"curies":[{"name":"wp","href":"https:\/\/api.w.org\/{rel}","templated":true}]}}