{"id":370,"date":"2004-11-27T16:35:40","date_gmt":"2004-11-27T16:35:40","guid":{"rendered":"http:\/\/junjan.org\/wordpress\/?p=370"},"modified":"2004-11-27T16:35:40","modified_gmt":"2004-11-27T16:35:40","slug":"bipolarizados","status":"publish","type":"post","link":"https:\/\/junjan.org\/wordpress\/2004\/11\/bipolarizados\/","title":{"rendered":"Bipolarizados"},"content":{"rendered":"<p>Mario Roberto Morales pone el dedo en la llaga en su interesant\u00edsimo art\u00edculo \u00ab[\u00abGuatemala: \u00bfApartheid, genocidio, limpieza \u00e9tnica?\u00bb:http:\/\/www.lainsignia.org\/2004\/noviembre\/ibe_084.htm]\u00bb, publicado en \u00abLa Insignia\u00bb.<br \/>\nFragmento:<\/p>\n<div class=\"citation\">\nEl debate sereno (a\u00fan pendiente) sobre si hubo o no genocidio en Guatemala no se centra en afirmar o negar que hubo masacres de ind\u00edgenas, sino en establecer los fines estrat\u00e9gicos de estos cr\u00edmenes de guerra. Y la finalidad del criminal ej\u00e9rcito guatemalteco al masacrar a la poblaci\u00f3n civil ind\u00edgena no apuntaba a exterminarla por razones supremacistas raciales, sino a acabar con las guerrillas izquierdistas que hab\u00edan escogido zonas geogr\u00e1ficas de densa poblaci\u00f3n ind\u00edgena para desatar su guerra popular. El hecho de que las masacres de Guatemala no se enmarquen ni en el genocidio ni en la limpieza \u00e9tnica no aten\u00faa su car\u00e1cter criminal y horrendo, porque la raz\u00f3n de no exterminar a la poblaci\u00f3n ind\u00edgena aunque se la masacre met\u00f3dicamente es doblemente perversa, ya que se la mantiene viva para que pueda reproducirse como fuerza de trabajo barata, sobreexplotada, marginada y oprimida. Para ser fieles a la complejidad del problema, a todo esto hay que agregar, adem\u00e1s de las masacres de ind\u00edgenas cometidas por las guerrillas, la irresponsable conducci\u00f3n de la guerra popular por parte de la dirigencia insurgente, que propici\u00f3 estas masacres por medio de una t\u00e1ctica de provocaciones al enemigo para las cuales la guerrilla no ten\u00eda capacidad de respuesta, y ante lo cual abandonaba inerme y a su propia suerte a las comunidades ind\u00edgenas hacia las que atra\u00eda al ej\u00e9rcito. Las masacres de ind\u00edgenas son pues una responsabilidad hist\u00f3rica compartida, aunque el ej\u00e9rcito haya cometido el 97 por ciento de ellas y la guerrilla s\u00f3lo el 3 por ciento. Aqu\u00ed, el debate girar\u00eda en torno a la primac\u00eda de lo cuantitativo o lo cualitativo a la hora de juzgar los hechos. \u00bfGenocidio, limpieza \u00e9tnica? \u00bfDe parte de qui\u00e9nes?<br \/>\nEs la explotaci\u00f3n sobre la que descansa el injusto sistema econ\u00f3mico y pol\u00edtico local lo que constituye un crimen hist\u00f3rico prolongado en Guatemala, y esa es tambi\u00e9n la base material sobre la que descansa el racismo y los etnocentrismos locales. Para denunciar esto no hay ninguna necesidad de echar mano de lo que en este caso resultan ser estridencias victimistas para consumo de bur\u00f3cratas de agencias de financiamiento internacional, como las nociones de genocidio y limpieza \u00e9tnica. Al hacerlo se escamotea (\u00abracializ\u00e1ndolo\u00bb y \u00abculturaliz\u00e1ndolo\u00bb) un problema econ\u00f3mico, de clase, estructural, que se resume en la sobreexplotaci\u00f3n de una masa despose\u00edda por parte de una oligarqu\u00eda atrasada y de mentalidad feudalizante, al servicio de la cual ha estado siempre el criminal ej\u00e9rcito de Guatemala. El culturalismo echa una cortina de humo sobre esta realidad, y circunscribe las reivindicaciones ind\u00edgenas al respeto a su especificidad cultural, con lo que se benefician s\u00f3lo cerradas elites de ind\u00edgenas intelectualizados que se agrupan en oeneg\u00e9s financiadas por los pa\u00edses colonialistas, dejando intacto el problema social de las masas. Son estas elites y sus huestes solidarias las que se victimizan utilizando conceptos como limpieza \u00e9tnica o exterminio, a fin de conseguir financiamientos para proyectos cuyos resultados suelen no constatarse nunca. Ser v\u00edctima no es denigrante. Victimizarse s\u00ed lo es.\n<\/div>\n","protected":false},"excerpt":{"rendered":"<p>Mario Roberto Morales pone el dedo en la llaga en su interesant\u00edsimo art\u00edculo \u00ab[\u00abGuatemala: \u00bfApartheid, genocidio, limpieza \u00e9tnica?\u00bb:http:\/\/www.lainsignia.org\/2004\/noviembre\/ibe_084.htm]\u00bb, publicado en \u00abLa Insignia\u00bb. Fragmento: El debate sereno (a\u00fan pendiente) sobre si hubo o no genocidio en Guatemala no se centra en afirmar o negar que hubo masacres de ind\u00edgenas, sino en establecer los fines estrat\u00e9gicos de&hellip;&nbsp;<a href=\"https:\/\/junjan.org\/wordpress\/2004\/11\/bipolarizados\/\" rel=\"bookmark\">Leer m\u00e1s &raquo;<span class=\"screen-reader-text\">Bipolarizados<\/span><\/a><\/p>\n","protected":false},"author":1,"featured_media":0,"comment_status":"open","ping_status":"open","sticky":false,"template":"","format":"standard","meta":{"neve_meta_sidebar":"","neve_meta_container":"","neve_meta_enable_content_width":"","neve_meta_content_width":0,"neve_meta_title_alignment":"","neve_meta_author_avatar":"","neve_post_elements_order":"","neve_meta_disable_header":"","neve_meta_disable_footer":"","neve_meta_disable_title":"","footnotes":""},"categories":[25],"tags":[],"class_list":["post-370","post","type-post","status-publish","format-standard","hentry","category-ensayos"],"_links":{"self":[{"href":"https:\/\/junjan.org\/wordpress\/wp-json\/wp\/v2\/posts\/370","targetHints":{"allow":["GET"]}}],"collection":[{"href":"https:\/\/junjan.org\/wordpress\/wp-json\/wp\/v2\/posts"}],"about":[{"href":"https:\/\/junjan.org\/wordpress\/wp-json\/wp\/v2\/types\/post"}],"author":[{"embeddable":true,"href":"https:\/\/junjan.org\/wordpress\/wp-json\/wp\/v2\/users\/1"}],"replies":[{"embeddable":true,"href":"https:\/\/junjan.org\/wordpress\/wp-json\/wp\/v2\/comments?post=370"}],"version-history":[{"count":0,"href":"https:\/\/junjan.org\/wordpress\/wp-json\/wp\/v2\/posts\/370\/revisions"}],"wp:attachment":[{"href":"https:\/\/junjan.org\/wordpress\/wp-json\/wp\/v2\/media?parent=370"}],"wp:term":[{"taxonomy":"category","embeddable":true,"href":"https:\/\/junjan.org\/wordpress\/wp-json\/wp\/v2\/categories?post=370"},{"taxonomy":"post_tag","embeddable":true,"href":"https:\/\/junjan.org\/wordpress\/wp-json\/wp\/v2\/tags?post=370"}],"curies":[{"name":"wp","href":"https:\/\/api.w.org\/{rel}","templated":true}]}}