{"id":373,"date":"2004-11-29T15:02:02","date_gmt":"2004-11-29T15:02:02","guid":{"rendered":"http:\/\/junjan.org\/wordpress\/?p=373"},"modified":"2004-11-29T15:02:02","modified_gmt":"2004-11-29T15:02:02","slug":"inocente_inocente_v_iv","status":"publish","type":"post","link":"https:\/\/junjan.org\/wordpress\/2004\/11\/inocente_inocente_v_iv\/","title":{"rendered":"Inocente inocente (v. IV)"},"content":{"rendered":"<p>Jos\u00e9 Mar\u00eda Aznar acusa a los medios de comunicaci\u00f3n de \u201cfabricar mentiras\u201d, acusa a la cadena Ser y al partido socialista de mentir, enturbiar el r\u00edo, etc. Balones fuera.<br \/>\nLa estrategia est\u00e1 muy clara, acusar a otros, luego negar todas sus responsabilidades y repetir el \u201cmantra\u201d de su inocencia. \u00c9l y su gobierno no han tenido ninguna responsabilidad, son inocentes, son puros. Las culpas recaen en el resto de partidos pol\u00edticos, en el PSOE, en IU, en Carod-Rovira, en los medios de comunicaci\u00f3n no afines. Ellos, ellos no saben nada, no son responsables de nada, no tiene conciencia de nada, no se arrepienten de nada, en definitiva, no hicieron nada.<br \/>\nTodo lo que vivimos, todo lo que vimos y o\u00edmos, las declaraciones, los telegramas, las llamadas a los corresponsales, las mentiras y contramentiras, las declaraciones en Colombia, todo son imaginaciones nuestras. Imaginaciones de nuestras mentes calenturientas e interesadas.<br \/>\nGrandes frases:<\/p>\n<div class=\"citation\">\n**\u00bbPartidos de la oposici\u00f3n y medios de comunicaci\u00f3n conocidos por su delirante obsesi\u00f3n contra el Gobierno del PP, mintieron, jugaron a desestabilizar y alentaron el acoso a un partido democr\u00e1tico en uno de los momentos m\u00e1s dif\u00edciles\u00bb** _(Somos m\u00e1rtires)_<br \/>\n**\u201cMiente por la causa, que luego ser\u00e1s recompensado con un premio Ondas\u201d.** _(Podr\u00edamos pensar lo mismo en cuanto a la medalla del Congreso\u2026)_<br \/>\n**\u201cYo solamente era presidente del Gobierno, no ministro del Interior\u201d.** _(Ojos que no ven\u2026)_<br \/>\n**\u201cPido que se investigue la conexi\u00f3n con ETA\u201d.** _(Contra toda evidencia)_<br \/>\n**\u00bbNi he puesto ni pongo en cuesti\u00f3n los resultados electorales, ni la legitimidad del Gobierno\u00bb** _(Ver declaraciones en Colombia&#8230;)_<br \/>\n**\u00bbPerdimos las elecciones porque hubo m\u00e1s ciudadanos que votaron al Partido Socialista que al Partido Popular\u00bb.** _(\u00bfBarrio S\u00e9samo?)_<br \/>\n**\u00bbAlgunos medios de comunicaci\u00f3n (en referencia a la Cadena Ser pero sin citarla) fabricaron bulos para manipular a la opini\u00f3n p\u00fablica, como la existencia de un supuesto terrorista suicida entre las v\u00edctimas, que finalmente no ha sido encontrado\u00bb** _(La Cadena Ser inform\u00f3 y cuando descubri\u00f3 el error se disculpo. Aznar todav\u00eda est\u00e1 por admitir que hubo errores.)_<br \/>\n**\u201cHubo algunos que mintieron hasta dar asco\u2026\u201d.** _(La paja en el ojo ajeno\u2026)_<br \/>\n**\u00bbSi considera que tras la retirada de las tropas, Espa\u00f1a ya no est\u00e1 amenazada, lo digan a los ciudadanos y decreten el Estado de felicidad\u00bb** _(Infeliz&#8230;)_<br \/>\n**\u00bbNo dijimos nada que no creimos y no dimos informaci\u00f3n que no ten\u00edamos\u00bb.** _(\u00bfAl rev\u00e9s?)_<br \/>\n**\u00bbEsos telegramas, se\u00f1or\u00eda, fueron iniciativa del Ministerio de Asuntos Exteriores, la coordinaci\u00f3n le correspond\u00eda al Ministerio de Asuntos Exteriores\u00bb** _(\u00bfEscurriendo el bulto? \u00a1Acusica!)_\n<\/div>\n<p>**Datos de inter\u00e9s:** _(Fuentes: El Pa\u00eds; El Mundo)_<br \/>\n\u00ac Telegrama a los embajadores (11M Tarde):<br \/>\n_\u00bbDeber\u00e1 aprovechar aquellas ocasiones que se le presenten para confirmar la autor\u00eda de ETA de estos brutales atentados, ayudando as\u00ed a disipar cualquier tipo de duda que ciertas partes interesadas puedan querer hacer surgir\u00bb._<br \/>\n\u00ac Llamada a los corresponsales (11M Tarde):<br \/>\n_\u00bbNos dio tres razones. La primera, que nadie hab\u00eda reivindicado los atentados y ETA tarda varios d\u00edas en hacerlo. La segunda, que el explosivo era el habitualmente utilizado por ETA. La tercera, que ETA no avisa nunca antes de los atentados\u00bb._<br \/>\n\u00ac Angel Acebes 11M (13:30):<br \/>\n_\u00bbEs absolutamente claro y evidente que la organizaci\u00f3n terrorista ETA estaba buscando un atentado que tuviese una gran repercusi\u00f3n, que generase dolor, que generase miedo, con un gran n\u00famero de v\u00edctimas y, como he insistido durante estos d\u00edas, ETA permanentemente estaba, en este momento preciso, buscando ese objetivo. Por tanto, me parece absolutamente intolerable cualquier tipo de intoxicaci\u00f3n que vaya dirigido por parte de miserables a desviar el objetivo y los responsables de esta tragedia y de este drama.\u201d_<br \/>\n\u00ac Declaraciones en Colombia 16 de Julio de 2004:<br \/>\nEntrevistador: \u00abHace una semana usted dijo que el PSOE gan\u00f3 las elecciones por los atentados del 11-M. \u00bfLo cree de verdad?\u00bb<br \/>\nAznar: _\u00bbNo tengo la menor duda. Eso lo sabemos en el PP, lo saben en el PSOE y lo sabe la mayor\u00eda de los espa\u00f1oles. Es que esto que digo no es ninguna novedad&#8230; Si eso no se hubiera producido no tengo la menor duda de que Mariano Rajoy ser\u00eda presidente\u00bb._<\/p>\n","protected":false},"excerpt":{"rendered":"<p>Jos\u00e9 Mar\u00eda Aznar acusa a los medios de comunicaci\u00f3n de \u201cfabricar mentiras\u201d, acusa a la cadena Ser y al partido socialista de mentir, enturbiar el r\u00edo, etc. Balones fuera. La estrategia est\u00e1 muy clara, acusar a otros, luego negar todas sus responsabilidades y repetir el \u201cmantra\u201d de su inocencia. \u00c9l y su gobierno no han&hellip;&nbsp;<a href=\"https:\/\/junjan.org\/wordpress\/2004\/11\/inocente_inocente_v_iv\/\" rel=\"bookmark\">Leer m\u00e1s &raquo;<span class=\"screen-reader-text\">Inocente inocente (v. IV)<\/span><\/a><\/p>\n","protected":false},"author":1,"featured_media":0,"comment_status":"open","ping_status":"open","sticky":false,"template":"","format":"standard","meta":{"neve_meta_sidebar":"","neve_meta_container":"","neve_meta_enable_content_width":"","neve_meta_content_width":0,"neve_meta_title_alignment":"","neve_meta_author_avatar":"","neve_post_elements_order":"","neve_meta_disable_header":"","neve_meta_disable_footer":"","neve_meta_disable_title":"","footnotes":""},"categories":[5],"tags":[],"class_list":["post-373","post","type-post","status-publish","format-standard","hentry","category-actualidad"],"_links":{"self":[{"href":"https:\/\/junjan.org\/wordpress\/wp-json\/wp\/v2\/posts\/373","targetHints":{"allow":["GET"]}}],"collection":[{"href":"https:\/\/junjan.org\/wordpress\/wp-json\/wp\/v2\/posts"}],"about":[{"href":"https:\/\/junjan.org\/wordpress\/wp-json\/wp\/v2\/types\/post"}],"author":[{"embeddable":true,"href":"https:\/\/junjan.org\/wordpress\/wp-json\/wp\/v2\/users\/1"}],"replies":[{"embeddable":true,"href":"https:\/\/junjan.org\/wordpress\/wp-json\/wp\/v2\/comments?post=373"}],"version-history":[{"count":0,"href":"https:\/\/junjan.org\/wordpress\/wp-json\/wp\/v2\/posts\/373\/revisions"}],"wp:attachment":[{"href":"https:\/\/junjan.org\/wordpress\/wp-json\/wp\/v2\/media?parent=373"}],"wp:term":[{"taxonomy":"category","embeddable":true,"href":"https:\/\/junjan.org\/wordpress\/wp-json\/wp\/v2\/categories?post=373"},{"taxonomy":"post_tag","embeddable":true,"href":"https:\/\/junjan.org\/wordpress\/wp-json\/wp\/v2\/tags?post=373"}],"curies":[{"name":"wp","href":"https:\/\/api.w.org\/{rel}","templated":true}]}}