{"id":374,"date":"2004-11-30T14:15:42","date_gmt":"2004-11-30T14:15:42","guid":{"rendered":"http:\/\/junjan.org\/wordpress\/?p=374"},"modified":"2020-11-27T00:19:50","modified_gmt":"2020-11-26T23:19:50","slug":"realidades_paralelas","status":"publish","type":"post","link":"https:\/\/junjan.org\/wordpress\/2004\/11\/realidades_paralelas\/","title":{"rendered":"Realidades paralelas"},"content":{"rendered":"\n<p>A la vista de las reacciones de los medios de comunicaci\u00f3n a la declaraci\u00f3n de Jos\u00e9 Mar\u00eda Aznar en la comisi\u00f3n del 11M, bien se podr\u00eda decir que vivimos en un pa\u00eds donde coexisten realidades paralelas. Pasen y vean.<\/p>\n\n\n\n<blockquote class=\"wp-block-ugb-blockquote ugb-blockquote ugb-caec17a ugb-blockquote--v3 ugb-blockquote--design-plain ugb-main-block\"><style>.ugb-caec17a .ugb-blockquote__quote{width:70px !important;height:70px !important}<\/style><div class=\"ugb-inner-block\"><div class=\"ugb-block-content\"><div class=\"ugb-blockquote__item\"><svg viewbox=\"0 0 50 50\" xmlns=\"http:\/\/www.w3.org\/2000\/svg\" class=\"ugb-blockquote__quote\" width=\"70\" height=\"70\"><path d=\"M19.8 9.3C10.5 11.8 4.6 17 2.1 24.8c2.3-3.6 5.6-5.4 9.9-5.4 3.3 0 6 1.1 8.3 3.3 2.2 2.2 3.4 5 3.4 8.3 0 3.2-1.1 5.8-3.3 8-2.2 2.2-5.1 3.2-8.7 3.2-3.7 0-6.5-1.2-8.6-3.5C1 36.3 0 33.1 0 29 0 18.3 6.5 11.2 19.6 7.9l.2 1.4zm26.4 0C36.9 11.9 31 17 28.5 24.8c2.2-3.6 5.5-5.4 9.8-5.4 3.2 0 6 1.1 8.3 3.2 2.3 2.2 3.4 4.9 3.4 8.3 0 3.1-1.1 5.8-3.3 7.9-2.2 2.2-5.1 3.3-8.6 3.3-3.7 0-6.6-1.1-8.6-3.4-2.1-2.3-3.1-5.5-3.1-9.7 0-10.7 6.6-17.8 19.7-21.1l.1 1.4z\"><\/path><\/svg><div class=\"ugb-blockquote__content\"><p class=\"ugb-blockquote__text\">\u00abLos periodistas presentes en la sala bostezan mientras toman nota (la misma elevada a la d\u00e9cima potencia). Atrapados en el tiempo, escuchan por en\u00e9sima vez un estribillo candidato ya a canci\u00f3n del verano y con la excusa de tomar un caf\u00e9, aprovechan para desentumecerse.\u00bb &#8230; \u00abHay que decir que Aznar se mostr\u00f3 coherente, convincente y s\u00f3lido. Su testimonio ha desbaratado de forma definitiva el planteamiento que por obcecaci\u00f3n sectaria o inter\u00e9s partidista se han empe\u00f1ado en defender los grupos de la mayor\u00eda parlamentaria. Sus explicaciones (que se suman a las ya dadas por Acebes, Zaplana y Astarloa), corroboran que el Gobierno que presidi\u00f3 no desarroll\u00f3 una estrategia de intoxicaci\u00f3n o manipulaci\u00f3n de los hechos con fines electoralistas\u00bb <a rel=\"noreferrer noopener\" href=\"http:\/\/www.elmundo.es\/elmundo\/2004\/11\/29\/espana\/1101743721.html\" target=\"_blank\">El Mundo<\/a><\/p><\/div><\/div><\/div><\/div><\/blockquote>\n\n\n\n<blockquote class=\"wp-block-ugb-blockquote ugb-blockquote ugb-f3f4dc3 ugb-blockquote--v3 ugb-blockquote--design-plain ugb-main-block\"><style>.ugb-f3f4dc3 .ugb-blockquote__quote{width:70px !important;height:70px !important}<\/style><div class=\"ugb-inner-block\"><div class=\"ugb-block-content\"><div class=\"ugb-blockquote__item\"><svg viewbox=\"0 0 50 50\" xmlns=\"http:\/\/www.w3.org\/2000\/svg\" class=\"ugb-blockquote__quote\" width=\"70\" height=\"70\"><path d=\"M19.8 9.3C10.5 11.8 4.6 17 2.1 24.8c2.3-3.6 5.6-5.4 9.9-5.4 3.3 0 6 1.1 8.3 3.3 2.2 2.2 3.4 5 3.4 8.3 0 3.2-1.1 5.8-3.3 8-2.2 2.2-5.1 3.2-8.7 3.2-3.7 0-6.5-1.2-8.6-3.5C1 36.3 0 33.1 0 29 0 18.3 6.5 11.2 19.6 7.9l.2 1.4zm26.4 0C36.9 11.9 31 17 28.5 24.8c2.2-3.6 5.5-5.4 9.8-5.4 3.2 0 6 1.1 8.3 3.2 2.3 2.2 3.4 4.9 3.4 8.3 0 3.1-1.1 5.8-3.3 7.9-2.2 2.2-5.1 3.3-8.6 3.3-3.7 0-6.6-1.1-8.6-3.4-2.1-2.3-3.1-5.5-3.1-9.7 0-10.7 6.6-17.8 19.7-21.1l.1 1.4z\"><\/path><\/svg><div class=\"ugb-blockquote__content\"><p class=\"ugb-blockquote__text\">\u00abEl hecho de que Aznar superase una sucesi\u00f3n de interrogatorios a lo largo de diez horas, con un testimonio coherente y lleno de convicci\u00f3n, ordenado en la exposici\u00f3n hist\u00f3rica, razonable en la interpretaci\u00f3n de los hechos y comedido en las formas, es suficiente para valorar que su paso por la Comisi\u00f3n ha sido claramente favorable para el juicio de la responsabilidad pol\u00edtica de su Gobierno. La condici\u00f3n de brillante parlamentario que acredita al ex jefe del Ejecutivo qued\u00f3 ayer de manifiesto con una intervenci\u00f3n en la que anul\u00f3 dial\u00e9cticamente a buena parte de los interpelantes, especialmente a los representantes de ERC y del PSOE, que se perdieron en disquisiciones formales ante el rocoso discurso de Aznar.\u00bb <a rel=\"noreferrer noopener\" href=\"http:\/\/www.abc.es\/abc\/pg041130\/prensa\/noticias\/Opinion\/Editoriales\/200411\/30\/NAC-OPI-014.asp\" target=\"_blank\">ABC<\/a><\/p><\/div><\/div><\/div><\/div><\/blockquote>\n\n\n\n<blockquote class=\"wp-block-ugb-blockquote ugb-blockquote ugb-a0fbe34 ugb-blockquote--v3 ugb-blockquote--design-plain ugb-main-block\"><style>.ugb-a0fbe34 .ugb-blockquote__quote{width:70px !important;height:70px !important}<\/style><div class=\"ugb-inner-block\"><div class=\"ugb-block-content\"><div class=\"ugb-blockquote__item\"><svg viewbox=\"0 0 50 50\" xmlns=\"http:\/\/www.w3.org\/2000\/svg\" class=\"ugb-blockquote__quote\" width=\"70\" height=\"70\"><path d=\"M19.8 9.3C10.5 11.8 4.6 17 2.1 24.8c2.3-3.6 5.6-5.4 9.9-5.4 3.3 0 6 1.1 8.3 3.3 2.2 2.2 3.4 5 3.4 8.3 0 3.2-1.1 5.8-3.3 8-2.2 2.2-5.1 3.2-8.7 3.2-3.7 0-6.5-1.2-8.6-3.5C1 36.3 0 33.1 0 29 0 18.3 6.5 11.2 19.6 7.9l.2 1.4zm26.4 0C36.9 11.9 31 17 28.5 24.8c2.2-3.6 5.5-5.4 9.8-5.4 3.2 0 6 1.1 8.3 3.2 2.3 2.2 3.4 4.9 3.4 8.3 0 3.1-1.1 5.8-3.3 7.9-2.2 2.2-5.1 3.3-8.6 3.3-3.7 0-6.6-1.1-8.6-3.4-2.1-2.3-3.1-5.5-3.1-9.7 0-10.7 6.6-17.8 19.7-21.1l.1 1.4z\"><\/path><\/svg><div class=\"ugb-blockquote__content\"><p class=\"ugb-blockquote__text\">\u00abEl gesto sereno de Aznar, que resisti\u00f3 sin vacilaciones los embates de todos los portavoces de la oposici\u00f3n, acentu\u00f3 y fortaleci\u00f3 todav\u00eda m\u00e1s la credibilidad de un relato de todas las actuaciones del Gobierno del PP con pocos flancos d\u00e9biles. La catarata de datos certeros, las detalladas y calculadas respuestas a los comisionados, a los que lleg\u00f3 a colocar en situaciones insostenibles, como en los casos de Joan Puig (ERC), Gaspar Llamazares (IU) o Emilio Olabarr\u00eda (PNV), e incluso a desarbolar hasta hacer perder un tanto los papeles, como el socialista \u00c1lvaro Cuesta, configuraron un balance claramente a favor del compareciente.\u00bb <a rel=\"noreferrer noopener\" href=\"http:\/\/www.larazon.es\/\" target=\"_blank\">La Raz\u00f3n<\/a><\/p><\/div><\/div><\/div><\/div><\/blockquote>\n\n\n\n<blockquote class=\"wp-block-ugb-blockquote ugb-blockquote ugb-52f7fff ugb-blockquote--v3 ugb-blockquote--design-plain ugb-main-block\"><style>.ugb-52f7fff .ugb-blockquote__quote{width:70px !important;height:70px !important}<\/style><div class=\"ugb-inner-block\"><div class=\"ugb-block-content\"><div class=\"ugb-blockquote__item\"><svg viewbox=\"0 0 50 50\" xmlns=\"http:\/\/www.w3.org\/2000\/svg\" class=\"ugb-blockquote__quote\" width=\"70\" height=\"70\"><path d=\"M19.8 9.3C10.5 11.8 4.6 17 2.1 24.8c2.3-3.6 5.6-5.4 9.9-5.4 3.3 0 6 1.1 8.3 3.3 2.2 2.2 3.4 5 3.4 8.3 0 3.2-1.1 5.8-3.3 8-2.2 2.2-5.1 3.2-8.7 3.2-3.7 0-6.5-1.2-8.6-3.5C1 36.3 0 33.1 0 29 0 18.3 6.5 11.2 19.6 7.9l.2 1.4zm26.4 0C36.9 11.9 31 17 28.5 24.8c2.2-3.6 5.5-5.4 9.8-5.4 3.2 0 6 1.1 8.3 3.2 2.3 2.2 3.4 4.9 3.4 8.3 0 3.1-1.1 5.8-3.3 7.9-2.2 2.2-5.1 3.3-8.6 3.3-3.7 0-6.6-1.1-8.6-3.4-2.1-2.3-3.1-5.5-3.1-9.7 0-10.7 6.6-17.8 19.7-21.1l.1 1.4z\"><\/path><\/svg><div class=\"ugb-blockquote__content\"><p class=\"ugb-blockquote__text\">\u00abNo dijo qui\u00e9n era ese cerebro en la sombra que habr\u00eda teledirigido el atentado, pero s\u00ed que la conspiraci\u00f3n sigui\u00f3 los d\u00edas posteriores al de los terribles sucesos para \u00abfabricar la mentira\u00bb de que el Gobierno ocultaba informaci\u00f3n, y que en esa conspiraci\u00f3n participaron partidos de la oposici\u00f3n y medios de comunicaci\u00f3n, en una paranoica explicaci\u00f3n de por qu\u00e9 el PP perdi\u00f3 las elecciones. Mezcl\u00f3 la denuncia de noticias que se revelaron err\u00f3neas con rumores o declaraciones de particulares, como si todo ello obedeciera a una planificaci\u00f3n deliberada. Eso s\u00ed, ning\u00fan reconocimiento de errores propios por mucho que la \u00fanica informaci\u00f3n radicalmente falsa resultara ser a la postre la que el Gobierno manej\u00f3 con pertinacia, imprudencia y hasta desverg\u00fcenza durante tres d\u00edas.\u00bb <a rel=\"noreferrer noopener\" href=\"http:\/\/www.elpais.es\/articuloCompleto.html?xref=20041130elpepiopi_1&amp;type=Tes&amp;anchor=elpepiopi\" target=\"_blank\">El Pa\u00eds<\/a><\/p><\/div><\/div><\/div><\/div><\/blockquote>\n\n\n\n<blockquote class=\"wp-block-ugb-blockquote ugb-blockquote ugb-a82ae22 ugb-blockquote--v3 ugb-blockquote--design-plain ugb-main-block\"><style>.ugb-a82ae22 .ugb-blockquote__quote{width:70px !important;height:70px !important}<\/style><div class=\"ugb-inner-block\"><div class=\"ugb-block-content\"><div class=\"ugb-blockquote__item\"><svg viewbox=\"0 0 50 50\" xmlns=\"http:\/\/www.w3.org\/2000\/svg\" class=\"ugb-blockquote__quote\" width=\"70\" height=\"70\"><path d=\"M19.8 9.3C10.5 11.8 4.6 17 2.1 24.8c2.3-3.6 5.6-5.4 9.9-5.4 3.3 0 6 1.1 8.3 3.3 2.2 2.2 3.4 5 3.4 8.3 0 3.2-1.1 5.8-3.3 8-2.2 2.2-5.1 3.2-8.7 3.2-3.7 0-6.5-1.2-8.6-3.5C1 36.3 0 33.1 0 29 0 18.3 6.5 11.2 19.6 7.9l.2 1.4zm26.4 0C36.9 11.9 31 17 28.5 24.8c2.2-3.6 5.5-5.4 9.8-5.4 3.2 0 6 1.1 8.3 3.2 2.3 2.2 3.4 4.9 3.4 8.3 0 3.1-1.1 5.8-3.3 7.9-2.2 2.2-5.1 3.3-8.6 3.3-3.7 0-6.6-1.1-8.6-3.4-2.1-2.3-3.1-5.5-3.1-9.7 0-10.7 6.6-17.8 19.7-21.1l.1 1.4z\"><\/path><\/svg><div class=\"ugb-blockquote__content\"><p class=\"ugb-blockquote__text\">\u00abLa presencia de Jos\u00e9 Mar\u00eda Aznar en la Comisi\u00f3n de Investigaci\u00f3n del 11 de marzo se resume con un calificativo: demoledor&#8230; Aznar ha dejado en la Comisi\u00f3n (como ya hicieron Acebes o Astarloa) el sello de la sinceridad y de la claridad.\u00bb <a rel=\"noreferrer noopener\" href=\"http:\/\/www.libertaddigital.es\/opiniones\/opi_desa_21798.html\" target=\"_blank\">Esclavitud Anal\u00f3gica<\/a><\/p><\/div><\/div><\/div><\/div><\/blockquote>\n\n\n\n<blockquote class=\"wp-block-ugb-blockquote ugb-blockquote ugb-12ebe45 ugb-blockquote--v3 ugb-blockquote--design-plain ugb-main-block\"><style>.ugb-12ebe45 .ugb-blockquote__quote{width:70px !important;height:70px !important}<\/style><div class=\"ugb-inner-block\"><div class=\"ugb-block-content\"><div class=\"ugb-blockquote__item\"><svg viewbox=\"0 0 50 50\" xmlns=\"http:\/\/www.w3.org\/2000\/svg\" class=\"ugb-blockquote__quote\" width=\"70\" height=\"70\"><path d=\"M19.8 9.3C10.5 11.8 4.6 17 2.1 24.8c2.3-3.6 5.6-5.4 9.9-5.4 3.3 0 6 1.1 8.3 3.3 2.2 2.2 3.4 5 3.4 8.3 0 3.2-1.1 5.8-3.3 8-2.2 2.2-5.1 3.2-8.7 3.2-3.7 0-6.5-1.2-8.6-3.5C1 36.3 0 33.1 0 29 0 18.3 6.5 11.2 19.6 7.9l.2 1.4zm26.4 0C36.9 11.9 31 17 28.5 24.8c2.2-3.6 5.5-5.4 9.8-5.4 3.2 0 6 1.1 8.3 3.2 2.3 2.2 3.4 4.9 3.4 8.3 0 3.1-1.1 5.8-3.3 7.9-2.2 2.2-5.1 3.3-8.6 3.3-3.7 0-6.6-1.1-8.6-3.4-2.1-2.3-3.1-5.5-3.1-9.7 0-10.7 6.6-17.8 19.7-21.1l.1 1.4z\"><\/path><\/svg><div class=\"ugb-blockquote__content\"><p class=\"ugb-blockquote__text\"><span style=\"color:#a30026\" class=\"has-inline-color\">Aznar dijo: \u00abEsa misma noche, el mismo medio de comunicaci\u00f3n que a las 20.00 afirmaba tener en su poder las fotograf\u00edas de los nueve presuntos miembros de ETA que, cito textualmente, \u00abhan podido intervenir en este macabro atentado\u00bb, afirma tener informaciones contrastadas con diferentes fuentes seg\u00fan las cuales en el primer tren que estall\u00f3 en Atocha iba un terrorista suicida\u00bb.<\/span><br>La SER: Difundi\u00f3 esa informaci\u00f3n, sobre la existencia y puesta en circulaci\u00f3n de las fotograf\u00edas de nueve miembros de ETA, que seg\u00fan el Ministerio de Interior eran los presuntos autores del atentado, a las 20.00 horas. Hoy, la cadena SER puede aportar m\u00e1s datos. La distribuci\u00f3n de las fotos de los nueve etarras como presuntos autores del atentado continu\u00f3 el viernes al mediod\u00eda, cuando ya se hab\u00eda abierto la pista isl\u00e1mica, y la investigaci\u00f3n sobre la tarjeta del m\u00f3vil encontrado en la mochila desactivada estaba en manos de la Brigada de Informaci\u00f3n Exterior.<br>La SER tiene en su poder dos correos electr\u00f3nicos, distribuidos desde organismos oficiales, que prueban que esa informaci\u00f3n sigui\u00f3 difundi\u00e9ndose desde ordenadores pertenecientes al Gobierno el mismo viernes a primera hora de la tarde.<br>A. El primero est\u00e1 fechado a las 11 de la ma\u00f1ana del viernes 12 de marzo. El mensaje original, seg\u00fan se puede leer, parte de la Secretar\u00eda del Consejo de Ministros, a las 11 de la ma\u00f1ana. Los destinatarios son: los \u00abUsuarios de la Comisi\u00f3n y el Consejo de Econom\u00eda\u00bb. Y el asunto de este correo electr\u00f3nico dice textualmente: \u00abFotos presuntos terroristas del 11-M. Distribuido por Interior, por favor hacerlo llegar a la mayor cantidad posible de gente\u00bb.<br>B. El segundo correo electr\u00f3nico est\u00e1 distribuido desde los ordenadores del INEM, con sello del INEM y del Ministerio de Trabajo; ministerio que estaba dirigido en ese momento por el portavoz del Gobierno, Eduardo Zaplana.<br>Ese correo, fechado tambi\u00e9n el viernes 12 de marzo a las dos de la tarde, y que se distribuye a trav\u00e9s del sindicato de funcionarios CSIF, dice lo siguiente: \u00abEstimados\/as compa\u00f1eros\/as: Hemos recibido, a trav\u00e9s de los compa\u00f1eros del Ministerio de Interior, las fotos de los presuntos autores de la masacre que tuvo lugar en Madrid en el d\u00eda de ayer. Ser\u00eda conveniente que remitieseis este correo a cuantos conozc\u00e1is, por si, entre todos podemos localizar a estos criminales\u00bb.<br>Estos correos, difundiendo las fotos de nueve etarras que supuestamente hab\u00edan participado en el atentado, se siguieron difundiendo el viernes por la tarde, cuando las pistas que apuntaban al terrorismo islamista ya estaban sobre la mesa, y la tarjeta del m\u00f3vil que condujo a los presuntos autores estaba en manos de la Brigada de Informaci\u00f3n Exterior, la encargada de investigar el terrorismo islamista.<br><span style=\"color:#a30026\" class=\"has-inline-color\">Aznar:\u00bbSemejante bulo no era simplemente una informaci\u00f3n fallida. Se empezaba a fabricar la teor\u00eda de la ocultaci\u00f3n del Gobierno. El dato del supuesto e inexistente suicida\u00bb.<\/span><br>La SER:A las 22.00 de la noche del jueves 11-M, informa lo siguiente:<br>\u00abTres fuentes distintas de la lucha antiterrorista han confirmado a la cadena SER que en el primer vag\u00f3n del tren que estall\u00f3 antes de llegar a Atocha iba un terrorista suicida. Interior no lo confirma\u00bb.<br>En las horas siguientes se a\u00f1ad\u00eda que tanto Interior como fuentes judiciales y el propio ministro Portavoz, Eduardo Zaplana, desment\u00edan esa informaci\u00f3n.<br>La SER basa esta informaci\u00f3n en la fiabilidad de la primera fuente que pone a esta emisora sobre la pista y que se trata de un miembro de las Fuerzas de Seguridad del Estado que hab\u00eda anticipado a la redacci\u00f3n de la SER cuatro informaciones clave de ese primer d\u00eda, que se acabaron confirmando: la existencia de una furgoneta, que en la misma se hab\u00edan encontrado detonadores de los que no utiliza habitualmente ETA, una cinta con versos cor\u00e1nicos y restos de explosivo que no eran Titadyne.<br>La SER no ofreci\u00f3 la informaci\u00f3n de forma inmediata, sino que la contrast\u00f3 en dos fuentes m\u00e1s de las fuerzas de seguridad y una m\u00e1s, cercana a los hechos.<br>Las tres versiones coincid\u00edan. La SER supo adem\u00e1s que la polic\u00eda se hab\u00eda interesado por los efectos de los explosivos en los cuerpos de los suicidas, y que se sospechaba de un cuerpo que aparec\u00eda en el torso con manchas de color verdoso, que tiempo despu\u00e9s los an\u00e1lisis confirmaron que eran restos del contenido de un extintor.<br>Adem\u00e1s, entre los restos encontrados en los lugares del atentado apareci\u00f3 una columna vertebral totalmente descarnada.<br>Otra fuente totalmente fiable para la SER hab\u00eda escuchado una conversaci\u00f3n sobre la hip\u00f3tesis del suicida que se hab\u00eda desarrollado aquella tarde en la estaci\u00f3n de Atocha, en la que participaron dos responsables de seguridad y un alto cargo de una empresa p\u00fablica. Entre los presentes se encontraba uno de los m\u00e1ximos responsables de la investigaci\u00f3n policial en ese momento, cuyo nombre la SER se reserva.<br>La posterior confirmaci\u00f3n desde Israel de que hab\u00eda un grupo de forenses israel\u00edes, expertos en atentados suicidas, preparados para viajar a Espa\u00f1a tras una petici\u00f3n de la Embajada israel\u00ed en Espa\u00f1a al Instituto Forense de Jerusal\u00e9n -dato publicado tambi\u00e9n en el Jerusalem Post-, unido a los datos antes contrastados, anim\u00f3 a la SER a ofrecer la informaci\u00f3n, cuid\u00e1ndose siempre de advertir de que el Ministerio del Interior la desment\u00eda.<br><span style=\"color:#a30026\" class=\"has-inline-color\">Aznar: \u00abA tal grado de deformaci\u00f3n llegaron las cosas cuando se hizo p\u00fablica la existencia y el contenido del v\u00eddeo de reivindicaci\u00f3n, que un medio de comunicaci\u00f3n radiof\u00f3nico tuvo el desparpajo de anunciar a sus oyentes que ellos sab\u00edan ya de la existencia del v\u00eddeo por la ma\u00f1ana, pero lo hab\u00edan callado por responsabilidad\u00bb.<\/span><br>La SER: A la una del domingo 14 de marzo, la SER sale al paso de acusaciones y manipulaciones informativas que se estaban formulando en otros medios en el mismo sentido en que lo hizo Aznar ayer.<br>La SER dijo: \u00abLos servicios informativos de la SER ten\u00edan esta ma\u00f1ana noticias de la existencia de un v\u00eddeo que pod\u00eda contener una reivindicaci\u00f3n. No sabemos si es el mismo v\u00eddeo. No hemos ofrecido esa informaci\u00f3n porque la ten\u00edamos que contrastar con m\u00e1s fuentes policiales. Es nuestra forma de trabajar. Nosotros recibimos informaci\u00f3n y la contrastamos\u00bb.<br>La SER no hab\u00eda trasladado esa informaci\u00f3n a la antena a lo largo del d\u00eda porque no la ten\u00eda contrastada suficientemente, ya que hab\u00eda fuentes policiales que dec\u00edan lo contrario. La explicaci\u00f3n que ofreci\u00f3 a la 1.00 del domingo fue exclusivamente para salir al paso de las acusaciones que estaba sufriendo y dejar claro que no se emit\u00edan informaciones no confirmadas.<br>El ministro Acebes llam\u00f3 aquella noche al director de Informativos preguntando si era cierto que, como le hab\u00edan dicho, la SER estaba contando que el v\u00eddeo se hab\u00eda encontrado por la ma\u00f1ana. Si era as\u00ed ped\u00eda rectificaci\u00f3n. Se le respondi\u00f3 que la SER no hab\u00eda dado esa informaci\u00f3n porque no la ten\u00eda contrastada, y que eso era lo \u00fanico que se hab\u00eda contado. No se volvi\u00f3 a hacer ninguna referencia a esta informaci\u00f3n en el resto del d\u00eda. El ministro se interes\u00f3 sobre todo por las fuentes y se le dijo que las fuentes, como \u00e9l bien sab\u00eda, no se revelan\u00bb. <strong> Puntualizaciones de la Cadena Ser: &#8211;(Publicado en El Pa\u00eds)&#8211;<\/strong><\/p><\/div><\/div><\/div><\/div><\/blockquote>\n","protected":false},"excerpt":{"rendered":"<p>A la vista de las reacciones de los medios de comunicaci\u00f3n a la declaraci\u00f3n de Jos\u00e9 Mar\u00eda Aznar en la comisi\u00f3n del 11M, bien se podr\u00eda decir que vivimos en un pa\u00eds donde coexisten realidades paralelas. Pasen y vean.<\/p>\n","protected":false},"author":1,"featured_media":0,"comment_status":"open","ping_status":"open","sticky":false,"template":"","format":"standard","meta":{"neve_meta_sidebar":"","neve_meta_container":"","neve_meta_enable_content_width":"","neve_meta_content_width":0,"neve_meta_title_alignment":"","neve_meta_author_avatar":"","neve_post_elements_order":"","neve_meta_disable_header":"","neve_meta_disable_footer":"","neve_meta_disable_title":"","footnotes":""},"categories":[5],"tags":[36,230,516,66,515],"class_list":["post-374","post","type-post","status-publish","format-standard","hentry","category-actualidad","tag-11m","tag-aznar","tag-conspiracion","tag-manipulacion-prensa","tag-surrealismo"],"_links":{"self":[{"href":"https:\/\/junjan.org\/wordpress\/wp-json\/wp\/v2\/posts\/374","targetHints":{"allow":["GET"]}}],"collection":[{"href":"https:\/\/junjan.org\/wordpress\/wp-json\/wp\/v2\/posts"}],"about":[{"href":"https:\/\/junjan.org\/wordpress\/wp-json\/wp\/v2\/types\/post"}],"author":[{"embeddable":true,"href":"https:\/\/junjan.org\/wordpress\/wp-json\/wp\/v2\/users\/1"}],"replies":[{"embeddable":true,"href":"https:\/\/junjan.org\/wordpress\/wp-json\/wp\/v2\/comments?post=374"}],"version-history":[{"count":3,"href":"https:\/\/junjan.org\/wordpress\/wp-json\/wp\/v2\/posts\/374\/revisions"}],"predecessor-version":[{"id":2660,"href":"https:\/\/junjan.org\/wordpress\/wp-json\/wp\/v2\/posts\/374\/revisions\/2660"}],"wp:attachment":[{"href":"https:\/\/junjan.org\/wordpress\/wp-json\/wp\/v2\/media?parent=374"}],"wp:term":[{"taxonomy":"category","embeddable":true,"href":"https:\/\/junjan.org\/wordpress\/wp-json\/wp\/v2\/categories?post=374"},{"taxonomy":"post_tag","embeddable":true,"href":"https:\/\/junjan.org\/wordpress\/wp-json\/wp\/v2\/tags?post=374"}],"curies":[{"name":"wp","href":"https:\/\/api.w.org\/{rel}","templated":true}]}}