{"id":375,"date":"2004-12-01T19:57:49","date_gmt":"2004-12-01T19:57:49","guid":{"rendered":"http:\/\/junjan.org\/wordpress\/?p=375"},"modified":"2004-12-01T19:57:49","modified_gmt":"2004-12-01T19:57:49","slug":"disculpas","status":"publish","type":"post","link":"https:\/\/junjan.org\/wordpress\/2004\/12\/disculpas\/","title":{"rendered":"Disculpas"},"content":{"rendered":"<p>\u00abEn ning\u00fan momento acus\u00e9 al anterior Gobierno espa\u00f1ol de instigar o participar en la preparaci\u00f3n y ejecuci\u00f3n del golpe de estado. Mis palabras deben entenderse en el sentido de que [**por apoyar, quise y quiero decir, que no conden\u00f3 el golpe de estado, que lo endos\u00f3 y que le ofreci\u00f3 legitimidad internacional.**]\u00bb<br \/>\n\u00abCreo que existe un consenso general en el pa\u00eds, que yo tambi\u00e9n comparto, que el lugar para hacer esas afirmaciones \u2014aunque sean verdad\u2014 no era el adecuado ni el momento oportuno, y que fueron desafortunadas. [**Por lo tanto asumo mi error y me disculpo**].\u00bb<br \/>\n_Miguel \u00c1ngel Moratinos_ en la Comisi\u00f3n de Exteriores del Congreso.<br \/>\n\u00abEl se\u00f1or Moratinos es un pol\u00edtico que falt\u00f3 a la verdad, tambi\u00e9n lo ha hecho esta ma\u00f1ana. Es imprudente, act\u00faa a impulsos, tiene calentones dial\u00e9cticos a menudo, vota o veta a los medios de comunicaci\u00f3n que no le gustan, y s\u00f3lo se preocupa de cambiar la pol\u00edtica exterior anterior. [**\u00a1Debe ser cesado! \u00a1Ya no tiene cr\u00e9dito!**]\u00bb<br \/>\n_Mariano Rajoy_ en la sesi\u00f3n de control al gobierno.<br \/>\n\u00abEl ministro de asuntos exteriores esta ma\u00f1ana ha dado argumentos y razones. Y esto es importante, pero es mucho m\u00e1s importante \u2014en democracia\u2014 teniendo razones, no querer imponerse y, adem\u00e1s, pedir disculpas. **\u00a1Qu\u00e9 ejemplo y qu\u00e9 contraste! Porque hay gente que sin tener raz\u00f3n, sin tener ninguna raz\u00f3n, quiere imponerse siempre, y no me refiero a usted, se\u00f1or Rajoy.** A usted, como siempre se\u00f1or Rajoy, a usted le deseo suerte.\u00bb<br \/>\n_Jos\u00e9 Luis Rodr\u00edguez Zapatero_ en la misma sesi\u00f3n.<\/p>\n","protected":false},"excerpt":{"rendered":"<p>\u00abEn ning\u00fan momento acus\u00e9 al anterior Gobierno espa\u00f1ol de instigar o participar en la preparaci\u00f3n y ejecuci\u00f3n del golpe de estado. Mis palabras deben entenderse en el sentido de que [**por apoyar, quise y quiero decir, que no conden\u00f3 el golpe de estado, que lo endos\u00f3 y que le ofreci\u00f3 legitimidad internacional.**]\u00bb \u00abCreo que existe&hellip;&nbsp;<a href=\"https:\/\/junjan.org\/wordpress\/2004\/12\/disculpas\/\" rel=\"bookmark\">Leer m\u00e1s &raquo;<span class=\"screen-reader-text\">Disculpas<\/span><\/a><\/p>\n","protected":false},"author":1,"featured_media":0,"comment_status":"open","ping_status":"open","sticky":false,"template":"","format":"standard","meta":{"neve_meta_sidebar":"","neve_meta_container":"","neve_meta_enable_content_width":"","neve_meta_content_width":0,"neve_meta_title_alignment":"","neve_meta_author_avatar":"","neve_post_elements_order":"","neve_meta_disable_header":"","neve_meta_disable_footer":"","neve_meta_disable_title":"","footnotes":""},"categories":[32],"tags":[],"class_list":["post-375","post","type-post","status-publish","format-standard","hentry","category-frases"],"_links":{"self":[{"href":"https:\/\/junjan.org\/wordpress\/wp-json\/wp\/v2\/posts\/375","targetHints":{"allow":["GET"]}}],"collection":[{"href":"https:\/\/junjan.org\/wordpress\/wp-json\/wp\/v2\/posts"}],"about":[{"href":"https:\/\/junjan.org\/wordpress\/wp-json\/wp\/v2\/types\/post"}],"author":[{"embeddable":true,"href":"https:\/\/junjan.org\/wordpress\/wp-json\/wp\/v2\/users\/1"}],"replies":[{"embeddable":true,"href":"https:\/\/junjan.org\/wordpress\/wp-json\/wp\/v2\/comments?post=375"}],"version-history":[{"count":0,"href":"https:\/\/junjan.org\/wordpress\/wp-json\/wp\/v2\/posts\/375\/revisions"}],"wp:attachment":[{"href":"https:\/\/junjan.org\/wordpress\/wp-json\/wp\/v2\/media?parent=375"}],"wp:term":[{"taxonomy":"category","embeddable":true,"href":"https:\/\/junjan.org\/wordpress\/wp-json\/wp\/v2\/categories?post=375"},{"taxonomy":"post_tag","embeddable":true,"href":"https:\/\/junjan.org\/wordpress\/wp-json\/wp\/v2\/tags?post=375"}],"curies":[{"name":"wp","href":"https:\/\/api.w.org\/{rel}","templated":true}]}}