{"id":377,"date":"2004-12-01T23:08:53","date_gmt":"2004-12-01T23:08:53","guid":{"rendered":"http:\/\/junjan.org\/wordpress\/?p=377"},"modified":"2004-12-01T23:08:53","modified_gmt":"2004-12-01T23:08:53","slug":"esa_memoria","status":"publish","type":"post","link":"https:\/\/junjan.org\/wordpress\/2004\/12\/esa_memoria\/","title":{"rendered":"Esa memoria"},"content":{"rendered":"<p>Hoy en la comisi\u00f3n de exteriores del Congreso se ha visto un caso claro de mala memoria (\u00bfamnesia selectiva?). Tras las declaraciones del ministro Moratinos, el diputado del PP Gustavo de Ar\u00edstegui contest\u00f3 con muy airadas protestas, indicando que Moratinos continuaba con su \u00abcalumnia\u00bb hacia el Gobierno del PP y dijo que su Grupo estaba profundamente \u00abdolido y sorprendido\u00bb&#8230;<br \/>\nPero hoy no era el d\u00eda de suerte del diputado Gustavo de Ar\u00edstegui. Porque Gaspar Llamazares si tiene muy buena memoria. Llamazares record\u00f3 unos muy interesantes art\u00edculos del diputado Ar\u00edstegui en \u201cEl Mundo\u201d, donde por aquellas fechas \u00abapoyaba\u00bb (4\u00aa acepci\u00f3n) el golpe impl\u00edcitamente:<\/p>\n<div class=\"citation\">\n\u00abHoy parece que, tras encenderse todas las alarmas, muchos j\u00f3venes bien preparados est\u00e1n dispuestos a trabajar por el bien com\u00fan y romper la espiral de la inestabilidad, crisis econ\u00f3mico-pol\u00edtica y de corrupci\u00f3n que ha lastrado a Venezuela tantos a\u00f1os. La corrupci\u00f3n y la inestabilidad se acentuaron muy notablemente durante el mandato de Ch\u00e1vez, y el hartazgo, como no pod\u00eda ser menos, se desbord\u00f3.\u00bb<br \/>\n\u00abLa revuelta popular del jueves **abre una puerta a la esperanza**. Los militares, que se han distinguido en Venezuela, salvo el golpe de Ch\u00e1vez, por su respeto al poder civil, comenzaron denunciando a t\u00edtulo individual la falta de democracia y de trasparencia del r\u00e9gimen, y consultados por l\u00edderes civiles de la revuelta, prometieron su neutralidad y aseguraron que no apoyar\u00edan al depuesto presidente si \u00e9ste trataba de sofocar de forma sangrienta la rebeli\u00f3n\u00bb.<br \/>\n\u00abEl nuevo Gobierno tiene una tarea dif\u00edcil, devolver la confianza a un pueblo harto y desenga\u00f1ado, que tiene derecho a la paz, a la democracia y la prosperidad. El presidente provisional Carmona tiene que llevar a cabo una labor impecable de gobierno y entregar, en el m\u00e1s breve plazo, el poder a un Ejecutivo surgido de las urnas\u00bb.\n<\/div>\n<p>Es que el \u2014falso\u2014 \u00aborgullo herido\u00bb es una cosa muy mala (sobre todo cuando en su mayor parte es mentira).<br \/>\nVer art\u00edculos de \u00abEl Mundo\u00bb:<br \/>\n\u00ac \u00abRevuelta popular en Venezuela\u00bb:http:\/\/www.elmundo.es\/elmundo\/2004\/12\/01\/espana\/1101904374.html<br \/>\n\u00ac \u00abSegunda Oportunidad\u00bb:http:\/\/www.elmundo.es\/elmundo\/2004\/12\/01\/espana\/1101904061.html<\/p>\n","protected":false},"excerpt":{"rendered":"<p>Hoy en la comisi\u00f3n de exteriores del Congreso se ha visto un caso claro de mala memoria (\u00bfamnesia selectiva?). Tras las declaraciones del ministro Moratinos, el diputado del PP Gustavo de Ar\u00edstegui contest\u00f3 con muy airadas protestas, indicando que Moratinos continuaba con su \u00abcalumnia\u00bb hacia el Gobierno del PP y dijo que su Grupo estaba&hellip;&nbsp;<a href=\"https:\/\/junjan.org\/wordpress\/2004\/12\/esa_memoria\/\" rel=\"bookmark\">Leer m\u00e1s &raquo;<span class=\"screen-reader-text\">Esa memoria<\/span><\/a><\/p>\n","protected":false},"author":1,"featured_media":0,"comment_status":"open","ping_status":"open","sticky":false,"template":"","format":"standard","meta":{"neve_meta_sidebar":"","neve_meta_container":"","neve_meta_enable_content_width":"","neve_meta_content_width":0,"neve_meta_title_alignment":"","neve_meta_author_avatar":"","neve_post_elements_order":"","neve_meta_disable_header":"","neve_meta_disable_footer":"","neve_meta_disable_title":"","footnotes":""},"categories":[5],"tags":[],"class_list":["post-377","post","type-post","status-publish","format-standard","hentry","category-actualidad"],"_links":{"self":[{"href":"https:\/\/junjan.org\/wordpress\/wp-json\/wp\/v2\/posts\/377","targetHints":{"allow":["GET"]}}],"collection":[{"href":"https:\/\/junjan.org\/wordpress\/wp-json\/wp\/v2\/posts"}],"about":[{"href":"https:\/\/junjan.org\/wordpress\/wp-json\/wp\/v2\/types\/post"}],"author":[{"embeddable":true,"href":"https:\/\/junjan.org\/wordpress\/wp-json\/wp\/v2\/users\/1"}],"replies":[{"embeddable":true,"href":"https:\/\/junjan.org\/wordpress\/wp-json\/wp\/v2\/comments?post=377"}],"version-history":[{"count":0,"href":"https:\/\/junjan.org\/wordpress\/wp-json\/wp\/v2\/posts\/377\/revisions"}],"wp:attachment":[{"href":"https:\/\/junjan.org\/wordpress\/wp-json\/wp\/v2\/media?parent=377"}],"wp:term":[{"taxonomy":"category","embeddable":true,"href":"https:\/\/junjan.org\/wordpress\/wp-json\/wp\/v2\/categories?post=377"},{"taxonomy":"post_tag","embeddable":true,"href":"https:\/\/junjan.org\/wordpress\/wp-json\/wp\/v2\/tags?post=377"}],"curies":[{"name":"wp","href":"https:\/\/api.w.org\/{rel}","templated":true}]}}