{"id":384,"date":"2004-12-10T20:25:19","date_gmt":"2004-12-10T20:25:19","guid":{"rendered":"http:\/\/junjan.org\/wordpress\/?p=384"},"modified":"2011-06-18T20:20:27","modified_gmt":"2011-06-18T18:20:27","slug":"la_santa_alianza","status":"publish","type":"post","link":"https:\/\/junjan.org\/wordpress\/2004\/12\/la_santa_alianza\/","title":{"rendered":"La Santa Alianza"},"content":{"rendered":"<p>\u00abLa Santa Alianza (Cinco siglos de espionaje Vaticano)\u00bb de **Eric Frattini**.<br \/>\nInteresante recorrido por las cloacas del estado vaticano y de sus servicios de espionaje y contraespionaje. Desde Pio V a Juan Pablo II, todo un periplo por la historia europea y mundial, donde se ampl\u00edan tramas conocidas y se revelan asombrosas conexiones.<\/p>\n<blockquote><p>\u00abLa apertura de los archivos de la Cruz Roja Internacional redactados durante la posguerra ha cerrado por fin la pol\u00e9mica acerca de si los criminales de guerra nazis y croatas contaron con la ayuda del Vaticano para huir de la justicia hacia Sudam\u00e9rica, Australia, Sud\u00e1frica o Canad\u00e1. La respuesta est\u00e1 bien clara. Los cardenales Montini, Tisserant y Caggiano dise\u00f1aron las rutas de huida; obispos y arzobispos como Hudal, Siri y Barrere realizaron los tr\u00e1mites necesarios para crear documentos e identidades falsas a los asesinos; sacerdotes como Draganovic, Heinemann, D\u00f6m\u00f6ter, Bucko, Petranovic y muchos otros firmaron de pu\u00f1o y letra las solicitudes para la concesi\u00f3n de pasaportes de la Cruz Roja a criminales como Josef Menguele, Erich Priebke, Adolf Eichmannn, Hans Fischb\u00f6ck, Ante Pavelic o Klaus Barbie&#8230;\u00bb<\/p><\/blockquote>\n","protected":false},"excerpt":{"rendered":"<p>\u00abLa Santa Alianza (Cinco siglos de espionaje Vaticano)\u00bb de **Eric Frattini**. Interesante recorrido por las cloacas del estado vaticano y de sus servicios de espionaje y contraespionaje. Desde Pio V a Juan Pablo II, todo un periplo por la historia europea y mundial, donde se ampl\u00edan tramas conocidas y se revelan asombrosas conexiones. \u00abLa apertura&hellip;&nbsp;<a href=\"https:\/\/junjan.org\/wordpress\/2004\/12\/la_santa_alianza\/\" rel=\"bookmark\">Leer m\u00e1s &raquo;<span class=\"screen-reader-text\">La Santa Alianza<\/span><\/a><\/p>\n","protected":false},"author":1,"featured_media":0,"comment_status":"open","ping_status":"open","sticky":false,"template":"","format":"standard","meta":{"neve_meta_sidebar":"","neve_meta_container":"","neve_meta_enable_content_width":"","neve_meta_content_width":0,"neve_meta_title_alignment":"","neve_meta_author_avatar":"","neve_post_elements_order":"","neve_meta_disable_header":"","neve_meta_disable_footer":"","neve_meta_disable_title":"","footnotes":""},"categories":[14],"tags":[771,67],"class_list":["post-384","post","type-post","status-publish","format-standard","hentry","category-libros","tag-vaticano","tag-vaticano-iglesia-religion-historia"],"_links":{"self":[{"href":"https:\/\/junjan.org\/wordpress\/wp-json\/wp\/v2\/posts\/384","targetHints":{"allow":["GET"]}}],"collection":[{"href":"https:\/\/junjan.org\/wordpress\/wp-json\/wp\/v2\/posts"}],"about":[{"href":"https:\/\/junjan.org\/wordpress\/wp-json\/wp\/v2\/types\/post"}],"author":[{"embeddable":true,"href":"https:\/\/junjan.org\/wordpress\/wp-json\/wp\/v2\/users\/1"}],"replies":[{"embeddable":true,"href":"https:\/\/junjan.org\/wordpress\/wp-json\/wp\/v2\/comments?post=384"}],"version-history":[{"count":2,"href":"https:\/\/junjan.org\/wordpress\/wp-json\/wp\/v2\/posts\/384\/revisions"}],"predecessor-version":[{"id":1522,"href":"https:\/\/junjan.org\/wordpress\/wp-json\/wp\/v2\/posts\/384\/revisions\/1522"}],"wp:attachment":[{"href":"https:\/\/junjan.org\/wordpress\/wp-json\/wp\/v2\/media?parent=384"}],"wp:term":[{"taxonomy":"category","embeddable":true,"href":"https:\/\/junjan.org\/wordpress\/wp-json\/wp\/v2\/categories?post=384"},{"taxonomy":"post_tag","embeddable":true,"href":"https:\/\/junjan.org\/wordpress\/wp-json\/wp\/v2\/tags?post=384"}],"curies":[{"name":"wp","href":"https:\/\/api.w.org\/{rel}","templated":true}]}}