{"id":385,"date":"2004-12-11T23:51:12","date_gmt":"2004-12-11T23:51:12","guid":{"rendered":"http:\/\/junjan.org\/wordpress\/?p=385"},"modified":"2017-10-18T00:57:16","modified_gmt":"2017-10-17T22:57:16","slug":"soporte","status":"publish","type":"post","link":"https:\/\/junjan.org\/wordpress\/2004\/12\/soporte\/","title":{"rendered":"Soporte"},"content":{"rendered":"<p>\u00abEl r\u00e9gimen franquista es incomprensible sin entender el papel de la Iglesia. Ese es un rasgo que lo distingue de los totalitarismos alem\u00e1n e italiano, pero no precisamente para hacerlo m\u00e1s ben\u00e9volo o flexible, pues el car\u00e1cter cuasiteocr\u00e1tico que adopt\u00f3 desde sus inicios lo asemeja, en ese aspecto, bastante m\u00e1s a los fundamentalismos isl\u00e1micos que al \u00abpaganismo\u00bb que impregn\u00f3 a los fascismos de los a\u00f1os treinta. La Iglesia no s\u00f3lo justific\u00f3 \u00abal alzamiento nacional\u00bb y estuvo al lado de Franco durante la Guerra Civil, sino que fue el soporte fundamental durante la dictadura hasta principios de los a\u00f1os setenta, cuando su postura se fue matizando como resultado del Concilio Vaticano II y de la presi\u00f3n del clero m\u00e1s progresista. La Iglesia fue la controladora de la vida privada de las familias y jam\u00e1s pidi\u00f3 oficialmente la amnist\u00eda para los presos pol\u00edticos. La responsabilidad de la Iglesia no consisti\u00f3 solo en apoyar a los \u00abnacionales\u00bb en la Guerra Civil, sino tambi\u00e9n en haber formado parte estructural de la dictadura.\u00bb<br \/>\nEn\u00bbLa memoria insumisa\u00bb de Nicol\u00e1s Sartorius y Javier Alfaya.<\/p>\n","protected":false},"excerpt":{"rendered":"<p>\u00abEl r\u00e9gimen franquista es incomprensible sin entender el papel de la Iglesia. Ese es un rasgo que lo distingue de los totalitarismos alem\u00e1n e italiano, pero no precisamente para hacerlo m\u00e1s ben\u00e9volo o flexible, pues el car\u00e1cter cuasiteocr\u00e1tico que adopt\u00f3 desde sus inicios lo asemeja, en ese aspecto, bastante m\u00e1s a los fundamentalismos isl\u00e1micos que&hellip;&nbsp;<a href=\"https:\/\/junjan.org\/wordpress\/2004\/12\/soporte\/\" rel=\"bookmark\">Leer m\u00e1s &raquo;<span class=\"screen-reader-text\">Soporte<\/span><\/a><\/p>\n","protected":false},"author":1,"featured_media":0,"comment_status":"open","ping_status":"open","sticky":false,"template":"","format":"standard","meta":{"neve_meta_sidebar":"","neve_meta_container":"","neve_meta_enable_content_width":"","neve_meta_content_width":0,"neve_meta_title_alignment":"","neve_meta_author_avatar":"","neve_post_elements_order":"","neve_meta_disable_header":"","neve_meta_disable_footer":"","neve_meta_disable_title":"","footnotes":""},"categories":[32],"tags":[],"class_list":["post-385","post","type-post","status-publish","format-standard","hentry","category-frases"],"_links":{"self":[{"href":"https:\/\/junjan.org\/wordpress\/wp-json\/wp\/v2\/posts\/385","targetHints":{"allow":["GET"]}}],"collection":[{"href":"https:\/\/junjan.org\/wordpress\/wp-json\/wp\/v2\/posts"}],"about":[{"href":"https:\/\/junjan.org\/wordpress\/wp-json\/wp\/v2\/types\/post"}],"author":[{"embeddable":true,"href":"https:\/\/junjan.org\/wordpress\/wp-json\/wp\/v2\/users\/1"}],"replies":[{"embeddable":true,"href":"https:\/\/junjan.org\/wordpress\/wp-json\/wp\/v2\/comments?post=385"}],"version-history":[{"count":1,"href":"https:\/\/junjan.org\/wordpress\/wp-json\/wp\/v2\/posts\/385\/revisions"}],"predecessor-version":[{"id":2447,"href":"https:\/\/junjan.org\/wordpress\/wp-json\/wp\/v2\/posts\/385\/revisions\/2447"}],"wp:attachment":[{"href":"https:\/\/junjan.org\/wordpress\/wp-json\/wp\/v2\/media?parent=385"}],"wp:term":[{"taxonomy":"category","embeddable":true,"href":"https:\/\/junjan.org\/wordpress\/wp-json\/wp\/v2\/categories?post=385"},{"taxonomy":"post_tag","embeddable":true,"href":"https:\/\/junjan.org\/wordpress\/wp-json\/wp\/v2\/tags?post=385"}],"curies":[{"name":"wp","href":"https:\/\/api.w.org\/{rel}","templated":true}]}}