{"id":388,"date":"2004-12-13T23:20:40","date_gmt":"2004-12-13T23:20:40","guid":{"rendered":"http:\/\/junjan.org\/wordpress\/?p=388"},"modified":"2004-12-13T23:20:40","modified_gmt":"2004-12-13T23:20:40","slug":"culpables_culpables_iii","status":"publish","type":"post","link":"https:\/\/junjan.org\/wordpress\/2004\/12\/culpables_culpables_iii\/","title":{"rendered":"Culpables Culpables (III)"},"content":{"rendered":"<p>Zapatero contraataca las declaraciones de Aznar (ver [\u00abInocente Inocente\u00bb:http:\/\/www.junjan.org\/weblog\/archives\/2004\/11\/29\/inocente_inocente_v_iv.html])<br \/>\n**Frases:**<br \/>\n\u00ac \u00abBuscamos la verdad de los hechos, esa es la que importa aqu\u00ed, no la verdad de las opiniones, sino la verdad de los hechos. Opiniones hay las mismas que bandos o personas; pero verdad hay una, y esa es la importante, la \u00fanica capaz de aportar consuelo a las v\u00edctimas y luz al futuro.\u00bb<br \/>\n\u00ac \u00abEl atentado que nos golpe\u00f3 el 11 de marzo de 2004 a todos los espa\u00f1oles y que se cobr\u00f3 la vida de 192 seres humanos, fue obra del terrorismo islamista. La polic\u00eda y los jueces determinar\u00e1n los nombres y los apellidos de todos quienes participaron en esa matanza. Pero sabemos ya que todos ellos pertenec\u00edan a las redes del terrorismo islamista.<br \/>\nEsta es la verdad de los hechos, no la expresi\u00f3n de una opini\u00f3n.\u00bb<br \/>\n\u00ac **\u00bbTodo lo que se dijo posteriormente fue un enga\u00f1o masivo. Y voy a decir por qu\u00e9. \u00bfPor qu\u00e9? Porque no s\u00f3lo se hizo a trav\u00e9s de declaraciones p\u00fablicas del gobierno, reiteradas, de las m\u00e1ximas autoridades, del Presidente del Gobierno, del Ministro del Interior, del Portavoz del Gobierno&#8230; Sino que adem\u00e1s se difundi\u00f3 internacionalmente la noticia, a trav\u00e9s de un telegrama al mundo, a Naciones Unidas y todas las embajadas.\u00bb**<br \/>\n\u00ac \u00abLe tengo que decir que en la presidencia del gobierno no hab\u00eda ni un solo papel. No hab\u00eda ni un solo dato en soporte inform\u00e1tico o en papel, absolutamente nada en el gabinete de la presidencia del gobierno porque se produjo un borrado masivo&#8230; **Es decir de lo que pas\u00f3, actu\u00f3, inform\u00f3, notas que pudieron recibirse, reuniones, actas, constancia de esas actas, o decisiones, no hay del 11 al 14 de Marzo nada en el gabinete de la presidencia del gobierno. Dejaron las facturas del borrado masivo.** Las facturas para ser abonadas por la administraci\u00f3n p\u00fablica&#8230;\u00bb<br \/>\n\u00ac \u00abCreo que deber\u00edan superar el trauma de la derrota electoral.\u00bb<br \/>\n\u00ac **\u00bbLos autores no estaban ni en monta\u00f1as ni en desiertos, estaban en Lavapi\u00e9s, en Legan\u00e9s y en Morata de Taju\u00f1a.\u00bb**<br \/>\nZapatero y Rubalcaba, con la ayuda inestimable de Llamazares, le han puesto las pilas a Zaplana y por simpat\u00eda a Aznar. Rajoy contin\u00faa en el exilio.<br \/>\n\u00bfSeguir\u00e1n en sus trece tras este tremendo varapalo?<\/p>\n","protected":false},"excerpt":{"rendered":"<p>Zapatero contraataca las declaraciones de Aznar (ver [\u00abInocente Inocente\u00bb:http:\/\/www.junjan.org\/weblog\/archives\/2004\/11\/29\/inocente_inocente_v_iv.html]) **Frases:** \u00ac \u00abBuscamos la verdad de los hechos, esa es la que importa aqu\u00ed, no la verdad de las opiniones, sino la verdad de los hechos. Opiniones hay las mismas que bandos o personas; pero verdad hay una, y esa es la importante, la \u00fanica capaz&hellip;&nbsp;<a href=\"https:\/\/junjan.org\/wordpress\/2004\/12\/culpables_culpables_iii\/\" rel=\"bookmark\">Leer m\u00e1s &raquo;<span class=\"screen-reader-text\">Culpables Culpables (III)<\/span><\/a><\/p>\n","protected":false},"author":1,"featured_media":0,"comment_status":"open","ping_status":"open","sticky":false,"template":"","format":"standard","meta":{"neve_meta_sidebar":"","neve_meta_container":"","neve_meta_enable_content_width":"","neve_meta_content_width":0,"neve_meta_title_alignment":"","neve_meta_author_avatar":"","neve_post_elements_order":"","neve_meta_disable_header":"","neve_meta_disable_footer":"","neve_meta_disable_title":"","footnotes":""},"categories":[5],"tags":[],"class_list":["post-388","post","type-post","status-publish","format-standard","hentry","category-actualidad"],"_links":{"self":[{"href":"https:\/\/junjan.org\/wordpress\/wp-json\/wp\/v2\/posts\/388","targetHints":{"allow":["GET"]}}],"collection":[{"href":"https:\/\/junjan.org\/wordpress\/wp-json\/wp\/v2\/posts"}],"about":[{"href":"https:\/\/junjan.org\/wordpress\/wp-json\/wp\/v2\/types\/post"}],"author":[{"embeddable":true,"href":"https:\/\/junjan.org\/wordpress\/wp-json\/wp\/v2\/users\/1"}],"replies":[{"embeddable":true,"href":"https:\/\/junjan.org\/wordpress\/wp-json\/wp\/v2\/comments?post=388"}],"version-history":[{"count":0,"href":"https:\/\/junjan.org\/wordpress\/wp-json\/wp\/v2\/posts\/388\/revisions"}],"wp:attachment":[{"href":"https:\/\/junjan.org\/wordpress\/wp-json\/wp\/v2\/media?parent=388"}],"wp:term":[{"taxonomy":"category","embeddable":true,"href":"https:\/\/junjan.org\/wordpress\/wp-json\/wp\/v2\/categories?post=388"},{"taxonomy":"post_tag","embeddable":true,"href":"https:\/\/junjan.org\/wordpress\/wp-json\/wp\/v2\/tags?post=388"}],"curies":[{"name":"wp","href":"https:\/\/api.w.org\/{rel}","templated":true}]}}