{"id":389,"date":"2004-12-14T11:30:14","date_gmt":"2004-12-14T11:30:14","guid":{"rendered":"http:\/\/junjan.org\/wordpress\/?p=389"},"modified":"2020-11-26T23:09:50","modified_gmt":"2020-11-26T22:09:50","slug":"realidades_paralelas_ii","status":"publish","type":"post","link":"https:\/\/junjan.org\/wordpress\/2004\/12\/realidades_paralelas_ii\/","title":{"rendered":"Realidades paralelas II"},"content":{"rendered":"\n<p>Si las declaraciones de Jos\u00e9 Mar\u00eda Aznar en la comisi\u00f3n del 11M dividieron el an\u00e1lisis en los medios, lo de la comparecencia de Zapatero ya ha sido la repanocha. Si un observador extraterrestre, o mejor, si simplemente un observador extranjero, se leyera la prensa espa\u00f1ola, podr\u00eda llegar a la conclusi\u00f3n de que Zapatero es como Dr. Jekyll y Mr. Hide.<br>La verdad es que mucha gente le tiene un odio visceral que no acabo de entender. \u00bfMi opini\u00f3n? Creo que Zapatero estuvo bien, correcto, usando datos (para variar) y con un cierto car\u00e1cter y combatividad (tambi\u00e9n para variar). Zaplana estuvo en su l\u00ednea habitual, ofensivo y enga\u00f1oso, ri\u00e9ndose del presidente, del resto de los comisionados, de nosotros y de la v\u00edctimas. Una joya.<br>Pasen y vean.<\/p>\n\n\n\n<div class=\"wp-block-group\"><div class=\"wp-block-group__inner-container is-layout-flow wp-block-group-is-layout-flow\">\n<p><\/p>\n\n\n\n<blockquote class=\"wp-block-ugb-blockquote ugb-blockquote ugb-dc12f47 ugb-blockquote--v3 ugb-blockquote--design-plain ugb-main-block\"><style>.ugb-dc12f47 .ugb-blockquote__quote{width:70px !important;height:70px !important}<\/style><div class=\"ugb-inner-block\"><div class=\"ugb-block-content\"><div class=\"ugb-blockquote__item\"><svg viewbox=\"0 0 50 50\" xmlns=\"http:\/\/www.w3.org\/2000\/svg\" class=\"ugb-blockquote__quote\" width=\"70\" height=\"70\"><path d=\"M19.8 9.3C10.5 11.8 4.6 17 2.1 24.8c2.3-3.6 5.6-5.4 9.9-5.4 3.3 0 6 1.1 8.3 3.3 2.2 2.2 3.4 5 3.4 8.3 0 3.2-1.1 5.8-3.3 8-2.2 2.2-5.1 3.2-8.7 3.2-3.7 0-6.5-1.2-8.6-3.5C1 36.3 0 33.1 0 29 0 18.3 6.5 11.2 19.6 7.9l.2 1.4zm26.4 0C36.9 11.9 31 17 28.5 24.8c2.2-3.6 5.5-5.4 9.8-5.4 3.2 0 6 1.1 8.3 3.2 2.3 2.2 3.4 4.9 3.4 8.3 0 3.1-1.1 5.8-3.3 7.9-2.2 2.2-5.1 3.3-8.6 3.3-3.7 0-6.6-1.1-8.6-3.4-2.1-2.3-3.1-5.5-3.1-9.7 0-10.7 6.6-17.8 19.7-21.1l.1 1.4z\"><\/path><\/svg><div class=\"ugb-blockquote__content\"><p class=\"ugb-blockquote__text\">\u00abEn su comparecencia ante la comisi\u00f3n del 11-M, el presidente del Gobierno, <strong>Rodr\u00edguez Zapatero, eligi\u00f3 un tono fr\u00edo, apoyado en datos e informes de los servicios de informaci\u00f3n de la polic\u00eda, para hacer frente a las acusaciones e insinuaciones m\u00e1s bien calientes del portavoz del PP, Eduardo Zaplana,<\/strong> sobre el comportamiento del propio Zapatero y su partido antes y despu\u00e9s de los atentados. El resultado fue poner en evidencia la inconsistencia de la estrategia de deslegitimaci\u00f3n que ha venido desplegando el PP desde el d\u00eda siguiente al de su derrota electoral: primero, ligando esa derrota a comportamientos desleales de los socialistas en las horas que siguieron a los atentados; m\u00e1s tarde, acusando al nuevo Gobierno de no querer investigar la pista etarra, lo que constituye en s\u00ed mismo una deslegitimaci\u00f3n de las instituciones democr\u00e1ticas. Frente a las insidias, Zapatero cumpli\u00f3 con el deber de aportar informaci\u00f3n.\u201d <a rel=\"noreferrer noopener\" href=\"http:\/\/www.elpais.es\/articuloCompleto.html?d_date=20041214&amp;xref=20041214elpepiopi_1&amp;type=Tes&amp;anchor=elpporopi\" target=\"_blank\">El Pa\u00eds<\/a><\/p><\/div><\/div><\/div><\/div><\/blockquote>\n\n\n\n<blockquote class=\"wp-block-ugb-blockquote ugb-blockquote ugb-e498ffe ugb-blockquote--v3 ugb-blockquote--design-plain ugb-main-block\"><style>.ugb-e498ffe .ugb-blockquote__quote{width:70px !important;height:70px !important}<\/style><div class=\"ugb-inner-block\"><div class=\"ugb-block-content\"><div class=\"ugb-blockquote__item\"><svg viewbox=\"0 0 50 50\" xmlns=\"http:\/\/www.w3.org\/2000\/svg\" class=\"ugb-blockquote__quote\" width=\"70\" height=\"70\"><path d=\"M19.8 9.3C10.5 11.8 4.6 17 2.1 24.8c2.3-3.6 5.6-5.4 9.9-5.4 3.3 0 6 1.1 8.3 3.3 2.2 2.2 3.4 5 3.4 8.3 0 3.2-1.1 5.8-3.3 8-2.2 2.2-5.1 3.2-8.7 3.2-3.7 0-6.5-1.2-8.6-3.5C1 36.3 0 33.1 0 29 0 18.3 6.5 11.2 19.6 7.9l.2 1.4zm26.4 0C36.9 11.9 31 17 28.5 24.8c2.2-3.6 5.5-5.4 9.8-5.4 3.2 0 6 1.1 8.3 3.2 2.3 2.2 3.4 4.9 3.4 8.3 0 3.1-1.1 5.8-3.3 7.9-2.2 2.2-5.1 3.3-8.6 3.3-3.7 0-6.6-1.1-8.6-3.4-2.1-2.3-3.1-5.5-3.1-9.7 0-10.7 6.6-17.8 19.7-21.1l.1 1.4z\"><\/path><\/svg><div class=\"ugb-blockquote__content\"><p class=\"ugb-blockquote__text\">\u201cLa sesi\u00f3n vivida ayer en el Congreso de los Diputados merece sin duda el calificativo de hist\u00f3rica por tratarse de la primera vez que un presidente del Gobierno comparece ante una Comisi\u00f3n parlamentaria de Investigaci\u00f3n. Y hay que reconocer que Jos\u00e9 Luis Rodr\u00edguez Zapatero, que estuvo casi 15 horas en sede parlamentaria, lo ha hecho no como quien pretende superar un tr\u00e1mite, sino para realizar aportaciones relevantes.<br><strong>Tambi\u00e9n ha demostrado que tras la faceta de bambi ridiculizada por muchos se esconde no ya un comunicador eficaz sino un aut\u00e9ntico killer pol\u00edtico.<\/strong>\u201d <a rel=\"noreferrer noopener\" href=\"http:\/\/www.periodistadigital.com\/secciones\/editoriales\/object.php?o=38836\" target=\"_blank\">El Mundo<\/a> (V\u00eda Periodista Digital)<\/p><\/div><\/div><\/div><\/div><\/blockquote>\n<\/div><\/div>\n\n\n\n<blockquote class=\"wp-block-ugb-blockquote ugb-blockquote ugb-ca2af99 ugb-blockquote--v3 ugb-blockquote--design-plain ugb-main-block\"><style>.ugb-ca2af99 .ugb-blockquote__quote{width:70px !important;height:70px !important}<\/style><div class=\"ugb-inner-block\"><div class=\"ugb-block-content\"><div class=\"ugb-blockquote__item\"><svg viewbox=\"0 0 50 50\" xmlns=\"http:\/\/www.w3.org\/2000\/svg\" class=\"ugb-blockquote__quote\" width=\"70\" height=\"70\"><path d=\"M19.8 9.3C10.5 11.8 4.6 17 2.1 24.8c2.3-3.6 5.6-5.4 9.9-5.4 3.3 0 6 1.1 8.3 3.3 2.2 2.2 3.4 5 3.4 8.3 0 3.2-1.1 5.8-3.3 8-2.2 2.2-5.1 3.2-8.7 3.2-3.7 0-6.5-1.2-8.6-3.5C1 36.3 0 33.1 0 29 0 18.3 6.5 11.2 19.6 7.9l.2 1.4zm26.4 0C36.9 11.9 31 17 28.5 24.8c2.2-3.6 5.5-5.4 9.8-5.4 3.2 0 6 1.1 8.3 3.2 2.3 2.2 3.4 4.9 3.4 8.3 0 3.1-1.1 5.8-3.3 7.9-2.2 2.2-5.1 3.3-8.6 3.3-3.7 0-6.6-1.1-8.6-3.4-2.1-2.3-3.1-5.5-3.1-9.7 0-10.7 6.6-17.8 19.7-21.1l.1 1.4z\"><\/path><\/svg><div class=\"ugb-blockquote__content\"><p class=\"ugb-blockquote__text\">\u201cLa comparecencia del presidente del Gobierno ante la Comisi\u00f3n del 11-M refrend\u00f3 el rumbo de esta iniciativa parlamentaria hacia un viaje circular por el terreno de los prejuicios y los enrocamientos, tal y como ven\u00edan siendo expuestos desde hace meses. El jefe del Ejecutivo anunci\u00f3, como es habitual en \u00e9l, que su comparecencia tendr\u00eda un tono amable y conciliador y que buscar\u00eda dar consuelo a las v\u00edctimas. Una programada campa\u00f1a de filtraciones acompa\u00f1\u00f3 los d\u00edas previos a Rodr\u00edguez Zapatero para allanar la estrategia que m\u00e1s le agrada: forzar continuos contrastes con su predecesor en el cargo, Jos\u00e9 Mar\u00eda Aznar. Su larga comparecencia, reflejada en un cansancio que se acentu\u00f3 en los \u00faltimos interrogatorios, estuvo orientada a ratificar el mismo mensaje que instal\u00f3 el PSOE en la jornada de reflexi\u00f3n. Zapatero no se recat\u00f3 en hablar de un \u00abenga\u00f1o masivo\u00bb por parte del Gobierno del PP al manifestar que la autor\u00eda de ETA era la primera opci\u00f3n de los investigadores hasta el mediod\u00eda del 13 de marzo, en contra de las evidencias que, a juicio del jefe del Ejecutivo, apuntaban al terrorismo islamista\u2026 Se caracteriz\u00f3 por un exceso argumentativo y reiter\u00f3 demasiadas veces opiniones arriesgadas, como que nunca existi\u00f3 una l\u00ednea de investigaci\u00f3n sobre la autor\u00eda etarra.\u201d <a rel=\"noreferrer noopener\" href=\"http:\/\/abc.es\/abc\/pg041214\/prensa\/noticias\/Opinion\/Editoriales\/200412\/14\/NAC-OPI-013.asp\" target=\"_blank\">ABC<\/a><\/p><\/div><\/div><\/div><\/div><\/blockquote>\n\n\n\n<blockquote class=\"wp-block-ugb-blockquote ugb-blockquote ugb-c8b5d21 ugb-blockquote--v3 ugb-blockquote--design-plain ugb-main-block\"><style>.ugb-c8b5d21 .ugb-blockquote__quote{width:70px !important;height:70px !important}<\/style><div class=\"ugb-inner-block\"><div class=\"ugb-block-content\"><div class=\"ugb-blockquote__item\"><svg viewbox=\"0 0 50 50\" xmlns=\"http:\/\/www.w3.org\/2000\/svg\" class=\"ugb-blockquote__quote\" width=\"70\" height=\"70\"><path d=\"M19.8 9.3C10.5 11.8 4.6 17 2.1 24.8c2.3-3.6 5.6-5.4 9.9-5.4 3.3 0 6 1.1 8.3 3.3 2.2 2.2 3.4 5 3.4 8.3 0 3.2-1.1 5.8-3.3 8-2.2 2.2-5.1 3.2-8.7 3.2-3.7 0-6.5-1.2-8.6-3.5C1 36.3 0 33.1 0 29 0 18.3 6.5 11.2 19.6 7.9l.2 1.4zm26.4 0C36.9 11.9 31 17 28.5 24.8c2.2-3.6 5.5-5.4 9.8-5.4 3.2 0 6 1.1 8.3 3.2 2.3 2.2 3.4 4.9 3.4 8.3 0 3.1-1.1 5.8-3.3 7.9-2.2 2.2-5.1 3.3-8.6 3.3-3.7 0-6.6-1.1-8.6-3.4-2.1-2.3-3.1-5.5-3.1-9.7 0-10.7 6.6-17.8 19.7-21.1l.1 1.4z\"><\/path><\/svg><div class=\"ugb-blockquote__content\"><p class=\"ugb-blockquote__text\">Menudo bochorno de presidente del Gobierno. Jos\u00e9 Luis Rodr\u00edguez Zapatero no pod\u00eda tolerar que Aznar hubiera batido el r\u00e9cord. Lleg\u00f3 a la Comisi\u00f3n de no-investigaci\u00f3n con el objetivo de aburrir al m\u00e1s pintado con tal de superar en tiempo al ex presidente del Gobierno y lo consigui\u00f3.<br>Ahora que va a dejar de ser excelent\u00edsimo (por el C\u00f3digo del Buen Gobierno del Gobierno), <strong>ZP el Innovador, el prohombre de las Civilizaciones, puede desde hoy llevar indistintamente los sobrenombres de el Desmemoriado, el Calumniador y el Ignorante.<\/strong> No se acuerda de si difundi\u00f3 la existencia de dos terroristas suicidas a los directores de los medios de comunicaci\u00f3n. Asegura que hubo una \u00fanica l\u00ednea de investigaci\u00f3n desde la tarde misma de los atentados, algo radicalmente contrario a lo expuesto por todos y cada uno de los mandos policiales responsables de las investigaciones tras la masacre. Y habla sin ruborizarse de las editoriales de los peri\u00f3dicos, ignorando ins\u00f3litamente que los editoriales de los medios de comunicaci\u00f3n son de g\u00e9nero masculino ya que el femenino se refiere a las empresas de edici\u00f3n de libros. \u00a1Ni que hubiera estudiado con la Logse!.\u201d <a rel=\"noreferrer noopener\" href=\"http:\/\/libertaddigital.com\/opiniones\/opi_desa_22048.html\" target=\"_blank\">Libertad Digital<\/a><\/p><\/div><\/div><\/div><\/div><\/blockquote>\n\n\n\n<blockquote class=\"wp-block-ugb-blockquote ugb-blockquote ugb-f500e03 ugb-blockquote--v3 ugb-blockquote--design-plain ugb-main-block\"><style>.ugb-f500e03 .ugb-blockquote__quote{width:70px !important;height:70px !important}<\/style><div class=\"ugb-inner-block\"><div class=\"ugb-block-content\"><div class=\"ugb-blockquote__item\"><svg viewbox=\"0 0 50 50\" xmlns=\"http:\/\/www.w3.org\/2000\/svg\" class=\"ugb-blockquote__quote\" width=\"70\" height=\"70\"><path d=\"M19.8 9.3C10.5 11.8 4.6 17 2.1 24.8c2.3-3.6 5.6-5.4 9.9-5.4 3.3 0 6 1.1 8.3 3.3 2.2 2.2 3.4 5 3.4 8.3 0 3.2-1.1 5.8-3.3 8-2.2 2.2-5.1 3.2-8.7 3.2-3.7 0-6.5-1.2-8.6-3.5C1 36.3 0 33.1 0 29 0 18.3 6.5 11.2 19.6 7.9l.2 1.4zm26.4 0C36.9 11.9 31 17 28.5 24.8c2.2-3.6 5.5-5.4 9.8-5.4 3.2 0 6 1.1 8.3 3.2 2.3 2.2 3.4 4.9 3.4 8.3 0 3.1-1.1 5.8-3.3 7.9-2.2 2.2-5.1 3.3-8.6 3.3-3.7 0-6.6-1.1-8.6-3.4-2.1-2.3-3.1-5.5-3.1-9.7 0-10.7 6.6-17.8 19.7-21.1l.1 1.4z\"><\/path><\/svg><div class=\"ugb-blockquote__content\"><p class=\"ugb-blockquote__text\">\u00abLa primera comparecencia de un presidente del Gobierno ante una comisi\u00f3n de investigaci\u00f3n pasar\u00e1 a la historia por su car\u00e1cter simb\u00f3lico, pero no tanto por su brillantez parlamentaria ni siquiera por la trascendencia de sus palabras en el \u00abcara a cara\u00bb con un Eduardo Zaplana que le dej\u00f3 en evidencia en m\u00e1s de una ocasi\u00f3n. El interrogatorio a Jos\u00e9 Luis Rodr\u00edguez Zapatero alcanz\u00f3 instantes puntuales de inter\u00e9s y de tensi\u00f3n pol\u00edtica, pero el balance final no rebas\u00f3 apenas el guion esperado con dos adversarios de posiciones ya conocidas. Adem\u00e1s, Rodr\u00edguez Zapatero jugaba en casa y, desde luego, se not\u00f3 con la sala repleta de grupos aliados. Llam\u00f3, sin embargo, la atenci\u00f3n que su testimonio resultara casi una reiteraci\u00f3n del discurso fijado por el PSOE en aquellas luctuosas jornadas de marzo, sin que, por lo escuchado ayer, ning\u00fan acontecimiento ni informaci\u00f3n posteriores, de los muchos conocidos desde entonces, influyeran o condicionaran esa versi\u00f3n.\u201d <a rel=\"noreferrer noopener\" href=\"http:\/\/www.larazon.es\/editorial.htm\" target=\"_blank\">La Raz\u00f3n<\/a><\/p><\/div><\/div><\/div><\/div><\/blockquote>\n\n\n\n<blockquote class=\"wp-block-ugb-blockquote ugb-blockquote ugb-0dab4da ugb-blockquote--v3 ugb-blockquote--design-plain ugb-main-block\"><style>.ugb-0dab4da .ugb-blockquote__quote{width:70px !important;height:70px !important}<\/style><div class=\"ugb-inner-block\"><div class=\"ugb-block-content\"><div class=\"ugb-blockquote__item\"><svg viewbox=\"0 0 50 50\" xmlns=\"http:\/\/www.w3.org\/2000\/svg\" class=\"ugb-blockquote__quote\" width=\"70\" height=\"70\"><path d=\"M19.8 9.3C10.5 11.8 4.6 17 2.1 24.8c2.3-3.6 5.6-5.4 9.9-5.4 3.3 0 6 1.1 8.3 3.3 2.2 2.2 3.4 5 3.4 8.3 0 3.2-1.1 5.8-3.3 8-2.2 2.2-5.1 3.2-8.7 3.2-3.7 0-6.5-1.2-8.6-3.5C1 36.3 0 33.1 0 29 0 18.3 6.5 11.2 19.6 7.9l.2 1.4zm26.4 0C36.9 11.9 31 17 28.5 24.8c2.2-3.6 5.5-5.4 9.8-5.4 3.2 0 6 1.1 8.3 3.2 2.3 2.2 3.4 4.9 3.4 8.3 0 3.1-1.1 5.8-3.3 7.9-2.2 2.2-5.1 3.3-8.6 3.3-3.7 0-6.6-1.1-8.6-3.4-2.1-2.3-3.1-5.5-3.1-9.7 0-10.7 6.6-17.8 19.7-21.1l.1 1.4z\"><\/path><\/svg><div class=\"ugb-blockquote__content\"><p class=\"ugb-blockquote__text\">\u201cEl presidente del Gobierno, Jos\u00e9 Luis Rodr\u00edguez Zapatero, ten\u00eda ayer un doble compromiso en su comparecencia ante la comisi\u00f3n de investigaci\u00f3n del 11-M. El primero, garantizar que el Ejecutivo ha tomado nota de los errores del pasado para que sea m\u00e1s dif\u00edcil otro atentado similar. Sus anuncios de una mayor colaboraci\u00f3n entre la Guardia Civil y el Cuerpo Nacional de Polic\u00eda, de un incremento de los efectivos destinados a combatir el terrorismo islamista y de un control m\u00e1s estricto de los explosivos demuestran que lo ha hecho. El segundo reto era aportar claridad a la investigaci\u00f3n. Y su exposici\u00f3n sobre la exclusiva responsabilidad del terrorismo islamista, sin v\u00ednculo alguno con ETA, result\u00f3 tambi\u00e9n convincente.<br>La persistencia del PP en negar esta evidencia justifica sobradamente la acusaci\u00f3n de Zapatero de que los populares incurrieron en un \u00abenga\u00f1o masivo\u00bb desde el 11-M y ahora intentan sumir al pa\u00eds en una \u00abconfusi\u00f3n masiva\u00bb para \u00absalvar la cara\u00bb. El pacto de Estado contra el terrorismo internacional que ayer ofreci\u00f3 el presidente deber\u00eda ser una de las conclusiones positivas del trabajo de la comisi\u00f3n. Aunque la actitud del PP tenga muy poco que ver con la que ser\u00eda necesaria para hacer posible este acuerdo.\u201d<br><a rel=\"noreferrer noopener\" href=\"http:\/\/www.elperiodico.com\/default.asp?idpublicacio_PK=5&amp;idioma=CAS&amp;idnoticia_PK=171627&amp;idseccio_PK=5&amp;h=041214\" target=\"_blank\">El Peri\u00f3dico<\/a><\/p><\/div><\/div><\/div><\/div><\/blockquote>\n","protected":false},"excerpt":{"rendered":"<p>Si las declaraciones de Jos\u00e9 Mar\u00eda Aznar en la comisi\u00f3n del 11M dividieron el an\u00e1lisis en los medios, lo de la comparecencia de Zapatero ya ha sido la repanocha. Si un observador extraterrestre, o mejor, si simplemente un observador extranjero, se leyera la prensa espa\u00f1ola, podr\u00eda llegar a la conclusi\u00f3n de que Zapatero es como&hellip;&nbsp;<a href=\"https:\/\/junjan.org\/wordpress\/2004\/12\/realidades_paralelas_ii\/\" rel=\"bookmark\">Leer m\u00e1s &raquo;<span class=\"screen-reader-text\">Realidades paralelas II<\/span><\/a><\/p>\n","protected":false},"author":1,"featured_media":0,"comment_status":"open","ping_status":"open","sticky":false,"template":"","format":"standard","meta":{"neve_meta_sidebar":"","neve_meta_container":"","neve_meta_enable_content_width":"","neve_meta_content_width":0,"neve_meta_title_alignment":"","neve_meta_author_avatar":"","neve_post_elements_order":"","neve_meta_disable_header":"","neve_meta_disable_footer":"","neve_meta_disable_title":"","footnotes":""},"categories":[5],"tags":[36,640,744,641],"class_list":["post-389","post","type-post","status-publish","format-standard","hentry","category-actualidad","tag-11m","tag-manipulacion","tag-periodismo","tag-prensa"],"_links":{"self":[{"href":"https:\/\/junjan.org\/wordpress\/wp-json\/wp\/v2\/posts\/389","targetHints":{"allow":["GET"]}}],"collection":[{"href":"https:\/\/junjan.org\/wordpress\/wp-json\/wp\/v2\/posts"}],"about":[{"href":"https:\/\/junjan.org\/wordpress\/wp-json\/wp\/v2\/types\/post"}],"author":[{"embeddable":true,"href":"https:\/\/junjan.org\/wordpress\/wp-json\/wp\/v2\/users\/1"}],"replies":[{"embeddable":true,"href":"https:\/\/junjan.org\/wordpress\/wp-json\/wp\/v2\/comments?post=389"}],"version-history":[{"count":3,"href":"https:\/\/junjan.org\/wordpress\/wp-json\/wp\/v2\/posts\/389\/revisions"}],"predecessor-version":[{"id":2646,"href":"https:\/\/junjan.org\/wordpress\/wp-json\/wp\/v2\/posts\/389\/revisions\/2646"}],"wp:attachment":[{"href":"https:\/\/junjan.org\/wordpress\/wp-json\/wp\/v2\/media?parent=389"}],"wp:term":[{"taxonomy":"category","embeddable":true,"href":"https:\/\/junjan.org\/wordpress\/wp-json\/wp\/v2\/categories?post=389"},{"taxonomy":"post_tag","embeddable":true,"href":"https:\/\/junjan.org\/wordpress\/wp-json\/wp\/v2\/tags?post=389"}],"curies":[{"name":"wp","href":"https:\/\/api.w.org\/{rel}","templated":true}]}}