{"id":391,"date":"2004-12-16T10:51:47","date_gmt":"2004-12-16T10:51:47","guid":{"rendered":"http:\/\/junjan.org\/wordpress\/?p=391"},"modified":"2004-12-16T10:51:47","modified_gmt":"2004-12-16T10:51:47","slug":"de_qu_se_rean","status":"publish","type":"post","link":"https:\/\/junjan.org\/wordpress\/2004\/12\/de_qu_se_rean\/","title":{"rendered":"\u00bfDe qu\u00e9 se re\u00edan?"},"content":{"rendered":"<blockquote><p>\u00abDe lo que se est\u00e1 hablando, Se\u00f1or\u00edas, es de la muerte y de las heridas de por vida padecidas por seres humanos, de p\u00e9rdidas que nos han llenado de desolaci\u00f3n y amargura en el mayor grado posible. **\u00bfDe qu\u00e9 se re\u00edan, Se\u00f1or\u00edas? \u00bfqu\u00e9 jaleaban?, \u00bfqu\u00e9 vitoreaban en \u00e9sta SU comisi\u00f3n?** (&#8230;)<br \/>\nLos hay que acusan de imprevisi\u00f3n pol\u00edtica y manipulaci\u00f3n de la informaci\u00f3n. Los hay que acusan de organizar manifestaciones ilegales y linchamientos sociales. \u00bfY qui\u00e9n nos defiende a nosotros, los supervivientes, y las v\u00edctimas? **\u00bfQuienes van a ser aquellos que de una vez por todas asuman las terribles irresponsabilidades (vengan de donde vengan) que nos han llevado a sufrir este brutal atentado?**<br \/>\nTodos ustedes argumentan que es otro partido el responsable. \u00bfEst\u00e1n vac\u00edos esos argumentos y forman parte del acuerdo pol\u00edtico que acostumbran, o realmente est\u00e1n basados en hechos que pueden probarse? Si es as\u00ed, informen de lo que saben y no cuentan, y h\u00e1ganlo ante quien corresponde, ante los jueces. **Estamos cansados de acusaciones sin pruebas, nos parece mezquino tirar la piedra y esconder la mano.**<br \/>\nSi esta comisi\u00f3n es un juego, la calidad \u00e9tica de nuestros parlamentarios est\u00e1 por valorarse.<br \/>\nSi esta Comisi\u00f3n maneja datos reales y errores reales, basados en datos objetivamente comprobables, seguimos esperando las disculpas y la asunci\u00f3n de responsabilidades por parte de quien corresponda. **Y para que no quede lugar a dudas, la asunci\u00f3n de responsabilidades para nosotros significa dimisiones de los cargos pol\u00edticos, institucionales y policiales que corresponda.**<\/p><\/blockquote>\n<p>El discurso de la portavoz de la v\u00edctimas del 11M, Pilar Manj\u00f3n, es digno de ser le\u00eddo ([\u00abLa Insignia\u00bb:http:\/\/www.lainsignia.org\/2004\/diciembre\/ibe_043.htm]). Los comisionados (espero) deb\u00edan sentir que se les ca\u00eda la cara de verg\u00fcenza ante el bombardeo que les estaba cayendo. Casi todos lo encajaron de buena manera y pidieron disculpas.<br \/>\nPero hay gente que es \u00abimpermeable\u00bb. Eduardo Zaplana, impert\u00e9rrito, repantingado en su silla, sin mirar a la portavoz, leyendo unos papeles, pasando del tema, como si no fuera con \u00e9l, y cuando Manj\u00f3n pregunt\u00f3 de qu\u00e9 se hab\u00edan re\u00eddo, Zaplana se larg\u00f3.<\/p>\n","protected":false},"excerpt":{"rendered":"<p>\u00abDe lo que se est\u00e1 hablando, Se\u00f1or\u00edas, es de la muerte y de las heridas de por vida padecidas por seres humanos, de p\u00e9rdidas que nos han llenado de desolaci\u00f3n y amargura en el mayor grado posible. **\u00bfDe qu\u00e9 se re\u00edan, Se\u00f1or\u00edas? \u00bfqu\u00e9 jaleaban?, \u00bfqu\u00e9 vitoreaban en \u00e9sta SU comisi\u00f3n?** (&#8230;) Los hay que acusan&hellip;&nbsp;<a href=\"https:\/\/junjan.org\/wordpress\/2004\/12\/de_qu_se_rean\/\" rel=\"bookmark\">Leer m\u00e1s &raquo;<span class=\"screen-reader-text\">\u00bfDe qu\u00e9 se re\u00edan?<\/span><\/a><\/p>\n","protected":false},"author":1,"featured_media":0,"comment_status":"open","ping_status":"open","sticky":false,"template":"","format":"standard","meta":{"neve_meta_sidebar":"","neve_meta_container":"","neve_meta_enable_content_width":"","neve_meta_content_width":0,"neve_meta_title_alignment":"","neve_meta_author_avatar":"","neve_post_elements_order":"","neve_meta_disable_header":"","neve_meta_disable_footer":"","neve_meta_disable_title":"","footnotes":""},"categories":[32],"tags":[68],"class_list":["post-391","post","type-post","status-publish","format-standard","hentry","category-frases","tag-zaplana-manjon-comision-11m"],"_links":{"self":[{"href":"https:\/\/junjan.org\/wordpress\/wp-json\/wp\/v2\/posts\/391","targetHints":{"allow":["GET"]}}],"collection":[{"href":"https:\/\/junjan.org\/wordpress\/wp-json\/wp\/v2\/posts"}],"about":[{"href":"https:\/\/junjan.org\/wordpress\/wp-json\/wp\/v2\/types\/post"}],"author":[{"embeddable":true,"href":"https:\/\/junjan.org\/wordpress\/wp-json\/wp\/v2\/users\/1"}],"replies":[{"embeddable":true,"href":"https:\/\/junjan.org\/wordpress\/wp-json\/wp\/v2\/comments?post=391"}],"version-history":[{"count":0,"href":"https:\/\/junjan.org\/wordpress\/wp-json\/wp\/v2\/posts\/391\/revisions"}],"wp:attachment":[{"href":"https:\/\/junjan.org\/wordpress\/wp-json\/wp\/v2\/media?parent=391"}],"wp:term":[{"taxonomy":"category","embeddable":true,"href":"https:\/\/junjan.org\/wordpress\/wp-json\/wp\/v2\/categories?post=391"},{"taxonomy":"post_tag","embeddable":true,"href":"https:\/\/junjan.org\/wordpress\/wp-json\/wp\/v2\/tags?post=391"}],"curies":[{"name":"wp","href":"https:\/\/api.w.org\/{rel}","templated":true}]}}