{"id":392,"date":"2004-12-16T19:18:37","date_gmt":"2004-12-16T18:18:37","guid":{"rendered":"http:\/\/junjan.org\/wordpress\/?p=392"},"modified":"2011-05-24T15:45:12","modified_gmt":"2011-05-24T13:45:12","slug":"israel_y_la_paz","status":"publish","type":"post","link":"https:\/\/junjan.org\/wordpress\/2004\/12\/israel_y_la_paz\/","title":{"rendered":"Israel y la paz"},"content":{"rendered":"<p>\u00ab[\u00abIsrael, un Estado que debate sobre s\u00ed mismo\u00bb:http:\/\/www.lainsignia.org\/2004\/diciembre\/int_023.htm]\u00bb. Estupendo an\u00e1lisis de Alberto Arce sobre los movimientos en pro de la paz dentro del estado de Israel.<\/p>\n<blockquote><p>\n\u00abMuchos pol\u00edticos y ciudadanos israel\u00edes pueden y quieren comprender el idioma de la paz. Cada vez m\u00e1s sectores de su sociedad demuestran que la peculiar naturaleza democr\u00e1tica (y resultar\u00eda m\u00e1s adecuado escribir la palabra democracia con muchos reparos al hablar de Israel) de su sistema pol\u00edtico permite que los cambios necesarios para recorrer este camino nazcan desde dentro y no s\u00f3lo fruto de la presi\u00f3n y la condena internacionales que, por otra parte, a\u00fan continuamos esperando. En todo caso, este cambio podr\u00eda estar comenzando a ocupar alg\u00fan lugar en el espectro pol\u00edtico israel\u00ed. La \u00faltima y definitiva esperanza para la paz en Oriente Medio proviene quiz\u00e1s del interior de Israel. Nos guste o no, israel\u00edes y palestinos est\u00e1n sencillamente destinados a vivir juntos en ese peque\u00f1o pedazo de tierra. Y cada vez m\u00e1s israel\u00edes y palestinos son conscientes de ello.\u00bb\n<\/p><\/blockquote>\n","protected":false},"excerpt":{"rendered":"<p>\u00ab[\u00abIsrael, un Estado que debate sobre s\u00ed mismo\u00bb:http:\/\/www.lainsignia.org\/2004\/diciembre\/int_023.htm]\u00bb. Estupendo an\u00e1lisis de Alberto Arce sobre los movimientos en pro de la paz dentro del estado de Israel. \u00abMuchos pol\u00edticos y ciudadanos israel\u00edes pueden y quieren comprender el idioma de la paz. Cada vez m\u00e1s sectores de su sociedad demuestran que la peculiar naturaleza democr\u00e1tica (y resultar\u00eda&hellip;&nbsp;<a href=\"https:\/\/junjan.org\/wordpress\/2004\/12\/israel_y_la_paz\/\" rel=\"bookmark\">Leer m\u00e1s &raquo;<span class=\"screen-reader-text\">Israel y la paz<\/span><\/a><\/p>\n","protected":false},"author":1,"featured_media":0,"comment_status":"open","ping_status":"open","sticky":false,"template":"","format":"standard","meta":{"neve_meta_sidebar":"","neve_meta_container":"","neve_meta_enable_content_width":"","neve_meta_content_width":0,"neve_meta_title_alignment":"","neve_meta_author_avatar":"","neve_post_elements_order":"","neve_meta_disable_header":"","neve_meta_disable_footer":"","neve_meta_disable_title":"","footnotes":""},"categories":[25],"tags":[521,522,523],"class_list":["post-392","post","type-post","status-publish","format-standard","hentry","category-ensayos","tag-alberto-arce","tag-israel","tag-palestina"],"_links":{"self":[{"href":"https:\/\/junjan.org\/wordpress\/wp-json\/wp\/v2\/posts\/392","targetHints":{"allow":["GET"]}}],"collection":[{"href":"https:\/\/junjan.org\/wordpress\/wp-json\/wp\/v2\/posts"}],"about":[{"href":"https:\/\/junjan.org\/wordpress\/wp-json\/wp\/v2\/types\/post"}],"author":[{"embeddable":true,"href":"https:\/\/junjan.org\/wordpress\/wp-json\/wp\/v2\/users\/1"}],"replies":[{"embeddable":true,"href":"https:\/\/junjan.org\/wordpress\/wp-json\/wp\/v2\/comments?post=392"}],"version-history":[{"count":1,"href":"https:\/\/junjan.org\/wordpress\/wp-json\/wp\/v2\/posts\/392\/revisions"}],"predecessor-version":[{"id":1235,"href":"https:\/\/junjan.org\/wordpress\/wp-json\/wp\/v2\/posts\/392\/revisions\/1235"}],"wp:attachment":[{"href":"https:\/\/junjan.org\/wordpress\/wp-json\/wp\/v2\/media?parent=392"}],"wp:term":[{"taxonomy":"category","embeddable":true,"href":"https:\/\/junjan.org\/wordpress\/wp-json\/wp\/v2\/categories?post=392"},{"taxonomy":"post_tag","embeddable":true,"href":"https:\/\/junjan.org\/wordpress\/wp-json\/wp\/v2\/tags?post=392"}],"curies":[{"name":"wp","href":"https:\/\/api.w.org\/{rel}","templated":true}]}}