{"id":396,"date":"2004-12-20T17:53:51","date_gmt":"2004-12-20T17:53:51","guid":{"rendered":"http:\/\/junjan.org\/wordpress\/?p=396"},"modified":"2004-12-20T17:53:51","modified_gmt":"2004-12-20T17:53:51","slug":"esa_navidad","status":"publish","type":"post","link":"https:\/\/junjan.org\/wordpress\/2004\/12\/esa_navidad\/","title":{"rendered":"Esa Navidad"},"content":{"rendered":"<p>Y llega la Navidad, \u201ctoda la tierra se alegra y se entristece la mar\u201d. Entra\u00f1ables fechas que nos llenan de gozo. Pero, \u00bfqu\u00e9 es la Navidad hoy en d\u00eda? \u00bfCelebra alguien la Navidad [_sensu stricto_]? \u00bfQu\u00e9 queda de la Navidad cristiana en la Espa\u00f1a de hoy?<br \/>\nYo dir\u00eda que poco, casi me atrever\u00eda a decir que nada. Para empezar, la celebraci\u00f3n del nacimiento de Jes\u00fas es algo que ha quedado relegado a las ic\u00f3nicas representaciones de los preceptivos portalitos de Bel\u00e9n de los mercadillos de Navidad. Su significaci\u00f3n como un supuesto hecho religioso trascendente ha desaparecido. El personaje de Jes\u00fas se ha mezclado y ha ca\u00eddo por debajo de otros personajes, mucho m\u00e1s divertidos, como Papa Noel (Santa Claus), Rudolph el reno de la nar\u00edz roja, o los \u201ccaganers\u201d del pr\u00edncipe y de \u201cla Leti\u201d. La tradici\u00f3n religiosa se ha disgregado en sus componentes m\u00e1s folcl\u00f3ricos, ya sean aut\u00f3ctonos o importados, los villancicos, las decoraciones, las comidas y la juerga.<br \/>\nSupongo que esta \u201cbanalizaci\u00f3n\u201d crea una honda preocupaci\u00f3n entre los cristianos practicantes, pero yo creo que es una muestra m\u00e1s de la total desconexi\u00f3n con la religi\u00f3n que tiene una gran mayor\u00eda de la gente. Aunque la Iglesia se empe\u00f1e en indicar que una abrumadora mayor\u00eda de la poblaci\u00f3n sigue siendo cat\u00f3lica, la realidad es muy distinta. Puede que sobre el papel haya muchos millones de cat\u00f3licos, pero realmente son muy pocos, [\u00abpoqu\u00edsimos\u00bb:http:\/\/www.escolar.net\/MT\/archives\/001977.html].<br \/>\nAunque mucha gente joven siga cas\u00e1ndose por la iglesia o bautizando a sus hijos, no lo hacen por creencias religiosas, lo hacen por inercia. Tengo amigos que se han casado por la Iglesia y son casi tan ateos como yo ([_ateo confeso y pendiente de apostas\u00eda_]). Cuando les preguntas, \u00bfy t\u00fa por qu\u00e9 te casas por la Iglesia? La respuesta es siempre algo as\u00ed: \u201cEs que a mis padres les gusta, y ellos pagan la boda\u201d o \u201cA mis abuelos les dar\u00eda un infarto\u201d o \u201cEn el pueblo todo el mundo se casa as\u00ed, es mero tr\u00e1mite\u201d. En definitiva, cuentan como cat\u00f3licos, pero no lo son. Lo mejor del asunto, es que sus hijos tambi\u00e9n contar\u00e1n como cat\u00f3licos, pero cualquier conocimiento religioso que pudieran tener, ser\u00e1 pura coincidencia.<\/p>\n","protected":false},"excerpt":{"rendered":"<p>Y llega la Navidad, \u201ctoda la tierra se alegra y se entristece la mar\u201d. Entra\u00f1ables fechas que nos llenan de gozo. Pero, \u00bfqu\u00e9 es la Navidad hoy en d\u00eda? \u00bfCelebra alguien la Navidad [_sensu stricto_]? \u00bfQu\u00e9 queda de la Navidad cristiana en la Espa\u00f1a de hoy? Yo dir\u00eda que poco, casi me atrever\u00eda a decir&hellip;&nbsp;<a href=\"https:\/\/junjan.org\/wordpress\/2004\/12\/esa_navidad\/\" rel=\"bookmark\">Leer m\u00e1s &raquo;<span class=\"screen-reader-text\">Esa Navidad<\/span><\/a><\/p>\n","protected":false},"author":1,"featured_media":0,"comment_status":"open","ping_status":"open","sticky":false,"template":"","format":"standard","meta":{"neve_meta_sidebar":"","neve_meta_container":"","neve_meta_enable_content_width":"","neve_meta_content_width":0,"neve_meta_title_alignment":"","neve_meta_author_avatar":"","neve_post_elements_order":"","neve_meta_disable_header":"","neve_meta_disable_footer":"","neve_meta_disable_title":"","footnotes":""},"categories":[9],"tags":[],"class_list":["post-396","post","type-post","status-publish","format-standard","hentry","category-opinion"],"_links":{"self":[{"href":"https:\/\/junjan.org\/wordpress\/wp-json\/wp\/v2\/posts\/396","targetHints":{"allow":["GET"]}}],"collection":[{"href":"https:\/\/junjan.org\/wordpress\/wp-json\/wp\/v2\/posts"}],"about":[{"href":"https:\/\/junjan.org\/wordpress\/wp-json\/wp\/v2\/types\/post"}],"author":[{"embeddable":true,"href":"https:\/\/junjan.org\/wordpress\/wp-json\/wp\/v2\/users\/1"}],"replies":[{"embeddable":true,"href":"https:\/\/junjan.org\/wordpress\/wp-json\/wp\/v2\/comments?post=396"}],"version-history":[{"count":0,"href":"https:\/\/junjan.org\/wordpress\/wp-json\/wp\/v2\/posts\/396\/revisions"}],"wp:attachment":[{"href":"https:\/\/junjan.org\/wordpress\/wp-json\/wp\/v2\/media?parent=396"}],"wp:term":[{"taxonomy":"category","embeddable":true,"href":"https:\/\/junjan.org\/wordpress\/wp-json\/wp\/v2\/categories?post=396"},{"taxonomy":"post_tag","embeddable":true,"href":"https:\/\/junjan.org\/wordpress\/wp-json\/wp\/v2\/tags?post=396"}],"curies":[{"name":"wp","href":"https:\/\/api.w.org\/{rel}","templated":true}]}}