{"id":397,"date":"2004-12-22T10:30:43","date_gmt":"2004-12-22T10:30:43","guid":{"rendered":"http:\/\/junjan.org\/wordpress\/?p=397"},"modified":"2020-01-07T22:00:30","modified_gmt":"2020-01-07T21:00:30","slug":"delirantes","status":"publish","type":"post","link":"https:\/\/junjan.org\/wordpress\/2004\/12\/delirantes\/","title":{"rendered":"Delirantes"},"content":{"rendered":"<p>No deja de ser mareante que la cadena COPE y Libertad Digital (\u00a1que s\u00ed oiga!) acusen a las extintas p\u00e1ginas web \u00ablosgenoveses\u00bb y \u00abaznar.net\u00bb de \u00abataques furibundos e injurias al PP y a conocidos empresarios\u00bb, adem\u00e1s de relacionarlas con Julio P\u00e9rez, el jefe de Gabinete del ministro de Trabajo.<br \/>\nNo se si las acusaciones son o no verdad. Si son verdad y se usaron fondos p\u00fablicos para fines partidistas supongo que es delito y deber\u00eda ser perseguido. Pero en espera de \u00abalguna\u00bb prueba, lo que a mi me parece interesant\u00edsimo es que Libertad Digital, donde el \u00abataque furibundo\u00bb y la \u00abinjuria\u00bb son norma, se atreva a acusar a nadie de lo mismo que ellos hacen y promueven. Dice hoy FJL en su editorial:<\/p>\n<blockquote>\n<div class=\"citation\">Hay muchas p\u00e1ginas injuriosas para los pol\u00edticos, los periodistas, los valores y las ideas de la Derecha. Y hay una parte inevitable en esos excesos, porque lo da el medio y porque la s\u00e1tira, por cruda que sea, es parte de la libertad de expresi\u00f3n que define a las democracias, siempre que no sobrepase los l\u00edmites del C\u00f3digo Penal. Y lo que sin duda supone la liquidaci\u00f3n del estado de Derecho es que el dinero de todos los espa\u00f1oles que administra temporalmente el Gobierno se utilice para perseguir a una parte de esos espa\u00f1oles, ayer en el Gobierno y hoy, merced a la masacre del 11-M, en la Oposici\u00f3n. Lo que diferencia a una democracia de una dictadura es que en la primera la Oposici\u00f3n acosa al Gobierno y en la segunda, el Gobierno acosa a la Oposici\u00f3n. Es lo que sucede en Venezuela y lo que ha empezado ya a suceder en Espa\u00f1a. Tomamos nota, P\u00e9rez. No lo olvidaremos, Zetap\u00e9.<\/div>\n<\/blockquote>\n<p>Si esto no es un ataque furibundo, pues creo que usamos un diccionario distinto.<br \/>\nLos informes del Tribunal de Cuentas donde se dan indicios de \u00abdesviaci\u00f3n de poder\u00bb y \u00abmalversaci\u00f3n de fondos\u00bb en las campa\u00f1as publicitarias del Ministerio de Trabajo de Eduardo Zaplana no deben ser una noticia interesante. Pero los rumores que se dicen en la COPE deben ser de mucha mejor calidad que los informes del Tribunal de Cuentas, no comparemos.<br \/>\n\u00bfManiobra de distracci\u00f3n?<\/p>\n","protected":false},"excerpt":{"rendered":"<p>No deja de ser mareante que la cadena COPE y Libertad Digital (\u00a1que s\u00ed oiga!) acusen a las extintas p\u00e1ginas web \u00ablosgenoveses\u00bb y \u00abaznar.net\u00bb de \u00abataques furibundos e injurias al PP y a conocidos empresarios\u00bb, adem\u00e1s de relacionarlas con Julio P\u00e9rez, el jefe de Gabinete del ministro de Trabajo. No se si las acusaciones son&hellip;&nbsp;<a href=\"https:\/\/junjan.org\/wordpress\/2004\/12\/delirantes\/\" rel=\"bookmark\">Leer m\u00e1s &raquo;<span class=\"screen-reader-text\">Delirantes<\/span><\/a><\/p>\n","protected":false},"author":1,"featured_media":0,"comment_status":"open","ping_status":"open","sticky":false,"template":"","format":"standard","meta":{"neve_meta_sidebar":"","neve_meta_container":"","neve_meta_enable_content_width":"","neve_meta_content_width":0,"neve_meta_title_alignment":"","neve_meta_author_avatar":"","neve_post_elements_order":"","neve_meta_disable_header":"","neve_meta_disable_footer":"","neve_meta_disable_title":"","footnotes":""},"categories":[5],"tags":[],"class_list":["post-397","post","type-post","status-publish","format-standard","hentry","category-actualidad"],"_links":{"self":[{"href":"https:\/\/junjan.org\/wordpress\/wp-json\/wp\/v2\/posts\/397","targetHints":{"allow":["GET"]}}],"collection":[{"href":"https:\/\/junjan.org\/wordpress\/wp-json\/wp\/v2\/posts"}],"about":[{"href":"https:\/\/junjan.org\/wordpress\/wp-json\/wp\/v2\/types\/post"}],"author":[{"embeddable":true,"href":"https:\/\/junjan.org\/wordpress\/wp-json\/wp\/v2\/users\/1"}],"replies":[{"embeddable":true,"href":"https:\/\/junjan.org\/wordpress\/wp-json\/wp\/v2\/comments?post=397"}],"version-history":[{"count":1,"href":"https:\/\/junjan.org\/wordpress\/wp-json\/wp\/v2\/posts\/397\/revisions"}],"predecessor-version":[{"id":2552,"href":"https:\/\/junjan.org\/wordpress\/wp-json\/wp\/v2\/posts\/397\/revisions\/2552"}],"wp:attachment":[{"href":"https:\/\/junjan.org\/wordpress\/wp-json\/wp\/v2\/media?parent=397"}],"wp:term":[{"taxonomy":"category","embeddable":true,"href":"https:\/\/junjan.org\/wordpress\/wp-json\/wp\/v2\/categories?post=397"},{"taxonomy":"post_tag","embeddable":true,"href":"https:\/\/junjan.org\/wordpress\/wp-json\/wp\/v2\/tags?post=397"}],"curies":[{"name":"wp","href":"https:\/\/api.w.org\/{rel}","templated":true}]}}