{"id":402,"date":"2005-01-05T09:13:24","date_gmt":"2005-01-05T09:13:24","guid":{"rendered":"http:\/\/junjan.org\/wordpress\/?p=402"},"modified":"2005-01-05T09:13:24","modified_gmt":"2005-01-05T09:13:24","slug":"salario_mnimo","status":"publish","type":"post","link":"https:\/\/junjan.org\/wordpress\/2005\/01\/salario_mnimo\/","title":{"rendered":"Salario m\u00ednimo"},"content":{"rendered":"<p>Me sigue sorprendiendo esta teor\u00eda pseudo-econ\u00f3mica que se maneja en ciertos medios de comunicaci\u00f3n y en la CEOE donde la subida de los salarios m\u00ednimos es una especie de armaged\u00f3n que aumentar\u00e1 el paro, la pobreza y la inflaci\u00f3n.<br \/>\nInvocan la teor\u00eda de la \u00abproductividad marginal\u00bb, teor\u00eda que aplica las leyes de los gases perfectos a los seres humanos y supone que los salarios se estabilizan _motu proprio_ en torno a un m\u00edtico punto de equilibrio. Esta teor\u00eda supone competencias empresariales perfectas e ignora que los trabajadores usan su salario para algo m\u00e1s que sobrevivir y que ellos tambi\u00e9n son consumidores de los productos del mercado.<br \/>\nComo cualquiera que haya tenido un salario miserable para luego tener un salario digno podr\u00eda decir, mayores salarios invitan a un mayor consumo y no a un mayor ahorro. M\u00e1s consumo genera m\u00e1s trabajo y por lo tanto m\u00e1s riqueza, a\u00fan a pesar de los mayores salarios.<br \/>\nLa CEOE prev\u00e9 una \u00abespiral inflacionista\u00bb pero no se plantea que inflar los precios es un factor m\u00e1s importante que subir los salarios m\u00ednimos. Recordar a estos se\u00f1ores que el salario m\u00ednimo espa\u00f1ol era el segundo m\u00e1s bajo de la UE antes de la ampliaci\u00f3n. Recordarles que Espa\u00f1a ratific\u00f3 la \u00abCarta Social Europea\u00bb, documento que fija el salario m\u00ednimo en un sesenta por ciento del salario medio y que aboga por los derechos de los trabajadores, entre los que se incluye una remuneraci\u00f3n equitativa (\u00a1horror\u00a1), asistencia social y m\u00e9dica (\u00a1vade retro!), servicios sociales y un largo etc.<br \/>\n\u00bfNostalgia del siglo XIX?<br \/>\nEnlaces:<br \/>\n* \u00ab[\u00abElevar el salario m\u00ednimo\u00bb:http:\/\/www.estrelladigital.es\/articulo.asp?sec=opi&#038;fech=05\/01\/2005&#038;name=seco]\u00bb  por Juan Francisco Mart\u00edn Seco<br \/>\n* \u00ab[\u00abLa garant\u00eda del salario m\u00ednimo traer\u00e1 una fuerte p\u00e9rdida de empleo, seg\u00fan la CEOE\u00bb:http:\/\/www.abc.es\/abc\/pg050104\/prensa\/noticias\/Economia\/Laboral\/200501\/04\/NAC-ECO-049.asp]\u00bb en ABC<br \/>\n* \u00ab[\u00abCarta Social Europea\u00bb:http:\/\/www.ilo.org\/public\/spanish\/employment\/skills\/recomm\/instr\/coe_1.htm#Art%EDculo%204.%20Derecho%20a%20una%20remuneraci%F3n%20equitativa]\u00bb<\/p>\n","protected":false},"excerpt":{"rendered":"<p>Me sigue sorprendiendo esta teor\u00eda pseudo-econ\u00f3mica que se maneja en ciertos medios de comunicaci\u00f3n y en la CEOE donde la subida de los salarios m\u00ednimos es una especie de armaged\u00f3n que aumentar\u00e1 el paro, la pobreza y la inflaci\u00f3n. Invocan la teor\u00eda de la \u00abproductividad marginal\u00bb, teor\u00eda que aplica las leyes de los gases perfectos&hellip;&nbsp;<a href=\"https:\/\/junjan.org\/wordpress\/2005\/01\/salario_mnimo\/\" rel=\"bookmark\">Leer m\u00e1s &raquo;<span class=\"screen-reader-text\">Salario m\u00ednimo<\/span><\/a><\/p>\n","protected":false},"author":1,"featured_media":0,"comment_status":"open","ping_status":"open","sticky":false,"template":"","format":"standard","meta":{"neve_meta_sidebar":"","neve_meta_container":"","neve_meta_enable_content_width":"","neve_meta_content_width":0,"neve_meta_title_alignment":"","neve_meta_author_avatar":"","neve_post_elements_order":"","neve_meta_disable_header":"","neve_meta_disable_footer":"","neve_meta_disable_title":"","footnotes":""},"categories":[5],"tags":[],"class_list":["post-402","post","type-post","status-publish","format-standard","hentry","category-actualidad"],"_links":{"self":[{"href":"https:\/\/junjan.org\/wordpress\/wp-json\/wp\/v2\/posts\/402","targetHints":{"allow":["GET"]}}],"collection":[{"href":"https:\/\/junjan.org\/wordpress\/wp-json\/wp\/v2\/posts"}],"about":[{"href":"https:\/\/junjan.org\/wordpress\/wp-json\/wp\/v2\/types\/post"}],"author":[{"embeddable":true,"href":"https:\/\/junjan.org\/wordpress\/wp-json\/wp\/v2\/users\/1"}],"replies":[{"embeddable":true,"href":"https:\/\/junjan.org\/wordpress\/wp-json\/wp\/v2\/comments?post=402"}],"version-history":[{"count":0,"href":"https:\/\/junjan.org\/wordpress\/wp-json\/wp\/v2\/posts\/402\/revisions"}],"wp:attachment":[{"href":"https:\/\/junjan.org\/wordpress\/wp-json\/wp\/v2\/media?parent=402"}],"wp:term":[{"taxonomy":"category","embeddable":true,"href":"https:\/\/junjan.org\/wordpress\/wp-json\/wp\/v2\/categories?post=402"},{"taxonomy":"post_tag","embeddable":true,"href":"https:\/\/junjan.org\/wordpress\/wp-json\/wp\/v2\/tags?post=402"}],"curies":[{"name":"wp","href":"https:\/\/api.w.org\/{rel}","templated":true}]}}