{"id":404,"date":"2005-01-07T18:01:51","date_gmt":"2005-01-07T18:01:51","guid":{"rendered":"http:\/\/junjan.org\/wordpress\/?p=404"},"modified":"2005-01-07T18:01:51","modified_gmt":"2005-01-07T18:01:51","slug":"propuestas_coherentes_con_un_e","status":"publish","type":"post","link":"https:\/\/junjan.org\/wordpress\/2005\/01\/propuestas_coherentes_con_un_e\/","title":{"rendered":"Propuestas coherentes con un estado no confesional"},"content":{"rendered":"<p>El Observatorio Sociolaboral de la \u00ab[\u00abFundaci\u00f3n Sindical de Estudios\u00bb:http:\/\/www.fundacionsindicaldeestudios.org\/]\u00bb (CCOO) ha publicado un documento titulado **\u00bbIglesia cat\u00f3lica y estado laico\u00bb.** Me han interesado sus \u00abPropuestas coherentes con un estado no confesional\u00bb:<\/p>\n<div class=\"citation\">\n**Propuestas coherentes con un estado no confesional**<br \/>\n\u00ac Es necesario revisar los Acuerdos de 1979 del Gobierno Espa\u00f1ol con la Santa Sede, que son pre-constitucionales y, en varios temas, pudieran ser incluso inconstitucionales, al no respetar principios constitucionales como el de la igualdad, no discriminaci\u00f3n, etc.<br \/>\n\u00ac Debe revisarse la Ley Org\u00e1nica de Libertad Religiosa, de 1980, que responde a una situaci\u00f3n que ha sufrido importantes cambios, sobre todo por la presencia de nuevas religiones y movimientos espirituales, y por el car\u00e1cter privilegiado de las religiones consideradas \u00abde notorio arraigo\u00bb, que viene a discriminar al resto.<br \/>\n\u00ac Hay que suprimir la ense\u00f1anza de la religi\u00f3n confesional de las escuelas, ya que el lugar de la ense\u00f1anza confesional de la religi\u00f3n son las instituciones con que cuenta cada religi\u00f3n para transmitir sus ense\u00f1anzas. Mientras tanto, y en respeto a los acuerdos de 1979 y de 1992, el modelo de religi\u00f3n no evaluable resulta escrupulosamente constitucional.<br \/>\n\u00ac Debe procederse a eliminar toda subvenci\u00f3n del Estado a las religiones para fines y tareas espec\u00edficamente religiosas. El objetivo a corto plazo es la autofinanciaci\u00f3n de las religiones como muestra de autonom\u00eda y de madurez institucional.<br \/>\n\u00ac En materia de impuestos, las exenciones deben ser las mismas que las que afectan a otras organizaciones similares, como ONG&#8217;s.<br \/>\n\u00ac El Estado debe mantener una neutralidad escrupulosa en relaci\u00f3n con las religiones, respetando la libertad religiosa, sin discriminaci\u00f3n o trato privilegiado hacia ninguna religi\u00f3n, y facilitando el desarrollo de dicha libertad, sin otro l\u00edmite que el respeto al Estado democr\u00e1tico.<br \/>\n\u00ac Es necesario educar a la ciudadan\u00eda en una \u00e9tica c\u00edvica. A esa \u00e9tica es a la que hemos de atenernos en el plano social, pol\u00edtico, econ\u00f3mico todos los ciudadanos y por ella ha de regirse los distintos poderes del Estado a la hora de ejercer sin funciones: el legislativo, en la elaboraci\u00f3n de las leyes; el ejecutivo, en la gobernaci\u00f3n; el judicial en la pr\u00e1ctica de la justicia. Ella es la \u00fanica v\u00e1lida. Las \u00e9ticas religiosas no pueden imponerse a toda la ciudadan\u00eda. Su validez y pr\u00e1ctica se sit\u00faan dentro de cada religi\u00f3n. Su pr\u00e1ctica es cuesti\u00f3n de los miembros de cada religi\u00f3n. En el conflicto entre la \u00e9tica laica y las \u00e9ticas religiosas, ha de predominar la primera, que es la universal.<br \/>\nMientras no se adopten estas medidas, seguiremos en un Estado de confesionalidad indirecta, de religi\u00f3n tutelada o protegida, pero no laico. Creo que nos encontramos en un momento privilegiado para construir entre todos un estado laico. A esa tarea est\u00e1n llamadas tambi\u00e9n las religiones, y muy especialmente la Iglesia cat\u00f3lica.\n<\/div>\n","protected":false},"excerpt":{"rendered":"<p>El Observatorio Sociolaboral de la \u00ab[\u00abFundaci\u00f3n Sindical de Estudios\u00bb:http:\/\/www.fundacionsindicaldeestudios.org\/]\u00bb (CCOO) ha publicado un documento titulado **\u00bbIglesia cat\u00f3lica y estado laico\u00bb.** Me han interesado sus \u00abPropuestas coherentes con un estado no confesional\u00bb: **Propuestas coherentes con un estado no confesional** \u00ac Es necesario revisar los Acuerdos de 1979 del Gobierno Espa\u00f1ol con la Santa Sede, que son&hellip;&nbsp;<a href=\"https:\/\/junjan.org\/wordpress\/2005\/01\/propuestas_coherentes_con_un_e\/\" rel=\"bookmark\">Leer m\u00e1s &raquo;<span class=\"screen-reader-text\">Propuestas coherentes con un estado no confesional<\/span><\/a><\/p>\n","protected":false},"author":1,"featured_media":0,"comment_status":"open","ping_status":"open","sticky":false,"template":"","format":"standard","meta":{"neve_meta_sidebar":"","neve_meta_container":"","neve_meta_enable_content_width":"","neve_meta_content_width":0,"neve_meta_title_alignment":"","neve_meta_author_avatar":"","neve_post_elements_order":"","neve_meta_disable_header":"","neve_meta_disable_footer":"","neve_meta_disable_title":"","footnotes":""},"categories":[25],"tags":[],"class_list":["post-404","post","type-post","status-publish","format-standard","hentry","category-ensayos"],"_links":{"self":[{"href":"https:\/\/junjan.org\/wordpress\/wp-json\/wp\/v2\/posts\/404","targetHints":{"allow":["GET"]}}],"collection":[{"href":"https:\/\/junjan.org\/wordpress\/wp-json\/wp\/v2\/posts"}],"about":[{"href":"https:\/\/junjan.org\/wordpress\/wp-json\/wp\/v2\/types\/post"}],"author":[{"embeddable":true,"href":"https:\/\/junjan.org\/wordpress\/wp-json\/wp\/v2\/users\/1"}],"replies":[{"embeddable":true,"href":"https:\/\/junjan.org\/wordpress\/wp-json\/wp\/v2\/comments?post=404"}],"version-history":[{"count":0,"href":"https:\/\/junjan.org\/wordpress\/wp-json\/wp\/v2\/posts\/404\/revisions"}],"wp:attachment":[{"href":"https:\/\/junjan.org\/wordpress\/wp-json\/wp\/v2\/media?parent=404"}],"wp:term":[{"taxonomy":"category","embeddable":true,"href":"https:\/\/junjan.org\/wordpress\/wp-json\/wp\/v2\/categories?post=404"},{"taxonomy":"post_tag","embeddable":true,"href":"https:\/\/junjan.org\/wordpress\/wp-json\/wp\/v2\/tags?post=404"}],"curies":[{"name":"wp","href":"https:\/\/api.w.org\/{rel}","templated":true}]}}