{"id":416,"date":"2005-01-20T10:19:36","date_gmt":"2005-01-20T10:19:36","guid":{"rendered":"http:\/\/junjan.org\/wordpress\/?p=416"},"modified":"2005-01-20T10:19:36","modified_gmt":"2005-01-20T10:19:36","slug":"si_que_eran_alrgicos","status":"publish","type":"post","link":"https:\/\/junjan.org\/wordpress\/2005\/01\/si_que_eran_alrgicos\/","title":{"rendered":"Si que eran al\u00e9rgicos"},"content":{"rendered":"<p>S\u00f3lo ha durado un d\u00eda. La conferencia Episcopal ha renegado de sus \u00faltimas conclusiones y ha vuelto a su posici\u00f3n anterior. Se ve que la presi\u00f3n del Vaticano y del Opus Dei ha sido demasiado. Declaraciones:<\/p>\n<div class=\"citation\">\n\u201cEl Secretario General respondi\u00f3 brevemente a los periodistas que le esperaban a la salida del Ministerio de Sanidad \u2013dice la nota del Episcopado espa\u00f1ol- que el uso del preservativo tiene un lugar en ese programa llamado ABC, un plan integral t\u00e9cnico de prevenci\u00f3n del SIDA. Esta declaraci\u00f3n ha de ser entendida en el sentido de la doctrina cat\u00f3lica que sostiene que el uso del preservativo implica una conducta sexual inmoral. (\u2026) De acuerdo con estos principios, no es posible aconsejar el uso del preservativo, por ser contrario a la moral de la persona. Lo \u00fanico verdaderamente aconsejable es el ejercicio responsable de la sexualidad, acorde con la norma moral\u201d.\n<\/div>\n","protected":false},"excerpt":{"rendered":"<p>S\u00f3lo ha durado un d\u00eda. La conferencia Episcopal ha renegado de sus \u00faltimas conclusiones y ha vuelto a su posici\u00f3n anterior. Se ve que la presi\u00f3n del Vaticano y del Opus Dei ha sido demasiado. Declaraciones: \u201cEl Secretario General respondi\u00f3 brevemente a los periodistas que le esperaban a la salida del Ministerio de Sanidad \u2013dice&hellip;&nbsp;<a href=\"https:\/\/junjan.org\/wordpress\/2005\/01\/si_que_eran_alrgicos\/\" rel=\"bookmark\">Leer m\u00e1s &raquo;<span class=\"screen-reader-text\">Si que eran al\u00e9rgicos<\/span><\/a><\/p>\n","protected":false},"author":1,"featured_media":0,"comment_status":"open","ping_status":"open","sticky":false,"template":"","format":"standard","meta":{"neve_meta_sidebar":"","neve_meta_container":"","neve_meta_enable_content_width":"","neve_meta_content_width":0,"neve_meta_title_alignment":"","neve_meta_author_avatar":"","neve_post_elements_order":"","neve_meta_disable_header":"","neve_meta_disable_footer":"","neve_meta_disable_title":"","footnotes":""},"categories":[5],"tags":[],"class_list":["post-416","post","type-post","status-publish","format-standard","hentry","category-actualidad"],"_links":{"self":[{"href":"https:\/\/junjan.org\/wordpress\/wp-json\/wp\/v2\/posts\/416","targetHints":{"allow":["GET"]}}],"collection":[{"href":"https:\/\/junjan.org\/wordpress\/wp-json\/wp\/v2\/posts"}],"about":[{"href":"https:\/\/junjan.org\/wordpress\/wp-json\/wp\/v2\/types\/post"}],"author":[{"embeddable":true,"href":"https:\/\/junjan.org\/wordpress\/wp-json\/wp\/v2\/users\/1"}],"replies":[{"embeddable":true,"href":"https:\/\/junjan.org\/wordpress\/wp-json\/wp\/v2\/comments?post=416"}],"version-history":[{"count":0,"href":"https:\/\/junjan.org\/wordpress\/wp-json\/wp\/v2\/posts\/416\/revisions"}],"wp:attachment":[{"href":"https:\/\/junjan.org\/wordpress\/wp-json\/wp\/v2\/media?parent=416"}],"wp:term":[{"taxonomy":"category","embeddable":true,"href":"https:\/\/junjan.org\/wordpress\/wp-json\/wp\/v2\/categories?post=416"},{"taxonomy":"post_tag","embeddable":true,"href":"https:\/\/junjan.org\/wordpress\/wp-json\/wp\/v2\/tags?post=416"}],"curies":[{"name":"wp","href":"https:\/\/api.w.org\/{rel}","templated":true}]}}