{"id":419,"date":"2005-01-23T14:19:24","date_gmt":"2005-01-23T14:19:24","guid":{"rendered":"http:\/\/junjan.org\/wordpress\/?p=419"},"modified":"2011-06-24T10:49:44","modified_gmt":"2011-06-24T08:49:44","slug":"pecadores_masivos","status":"publish","type":"post","link":"https:\/\/junjan.org\/wordpress\/2005\/01\/pecadores_masivos\/","title":{"rendered":"Pecadores masivos"},"content":{"rendered":"<p>El Cardenal Rouco ha llegado a la misma conclusi\u00f3n que el cura de \u00ab<a href=\"http:\/\/www.youtube.com\/watch?v=g-Vpiw__fUk\" target=\"_blank\">El d\u00eda de la Bestia<\/a>\u00ab. Madrid es una ciudad sat\u00e1nica y se peca masivamente [&#8211;(1)&#8211;].  Ya no hay gente en las iglesias, ya no hay j\u00f3venes en los seminarios, y la culpa, dice Rouco, es de<\/p>\n<blockquote><p><em>\u00ablas grandes y poderosas corrientes de pensamiento y los influyentes centros e instituciones del poder econ\u00f3mico, cultural y pol\u00edtico que desde hace tiempo prescinden de toda referencia a la voluntad de Dios a la hora de pensar en el futuro de la sociedad\u00bb<\/em>.<\/p><\/blockquote>\n<p>Se\u00f1or, Se\u00f1or, \u00bfPor qu\u00e9 nos has abandonado?<br \/>\nEs cierto, tiene raz\u00f3n. Hay que volver a lo de antes. Podemos empezar a llamar a curas y obispos para que bendigan las obras p\u00fablicas, como los nuevos tramos de la M-30. La televisi\u00f3n tiene que dar una misa diaria y parar a la hora del \u00c1ngelus. Los crucifijos tienen que poblar las calles, los escapularios los cuellos y los rosarios las manos. El segundo hijo al ej\u00e9rcito y el tercero al seminario, las hijas feas al convento. Los centros de poder tienen que volver a donde deben estar, a nuestras manos.<br \/>\nSe masca la nostalgia de otros tiempos.<br \/>\n&#8211;(1)&#8211; \u00abRouco Varela: \u201c<a href=\"http:\/\/www.cadenaser.com\/articulo.html?xref=20050123csrcsropi_1&amp;type=Tes\" target=\"_blank\">En Madrid se peca masivamente<\/a>\u00bb en La Cadena Ser<\/p>\n","protected":false},"excerpt":{"rendered":"<p>El Cardenal Rouco ha llegado a la misma conclusi\u00f3n que el cura de \u00abEl d\u00eda de la Bestia\u00ab. Madrid es una ciudad sat\u00e1nica y se peca masivamente [&#8211;(1)&#8211;]. Ya no hay gente en las iglesias, ya no hay j\u00f3venes en los seminarios, y la culpa, dice Rouco, es de \u00ablas grandes y poderosas corrientes de&hellip;&nbsp;<a href=\"https:\/\/junjan.org\/wordpress\/2005\/01\/pecadores_masivos\/\" rel=\"bookmark\">Leer m\u00e1s &raquo;<span class=\"screen-reader-text\">Pecadores masivos<\/span><\/a><\/p>\n","protected":false},"author":1,"featured_media":0,"comment_status":"open","ping_status":"open","sticky":false,"template":"","format":"standard","meta":{"neve_meta_sidebar":"","neve_meta_container":"","neve_meta_enable_content_width":"","neve_meta_content_width":0,"neve_meta_title_alignment":"","neve_meta_author_avatar":"","neve_post_elements_order":"","neve_meta_disable_header":"","neve_meta_disable_footer":"","neve_meta_disable_title":"","footnotes":""},"categories":[9],"tags":[490,791,704],"class_list":["post-419","post","type-post","status-publish","format-standard","hentry","category-opinion","tag-iglesia","tag-integrismo","tag-rouco"],"_links":{"self":[{"href":"https:\/\/junjan.org\/wordpress\/wp-json\/wp\/v2\/posts\/419","targetHints":{"allow":["GET"]}}],"collection":[{"href":"https:\/\/junjan.org\/wordpress\/wp-json\/wp\/v2\/posts"}],"about":[{"href":"https:\/\/junjan.org\/wordpress\/wp-json\/wp\/v2\/types\/post"}],"author":[{"embeddable":true,"href":"https:\/\/junjan.org\/wordpress\/wp-json\/wp\/v2\/users\/1"}],"replies":[{"embeddable":true,"href":"https:\/\/junjan.org\/wordpress\/wp-json\/wp\/v2\/comments?post=419"}],"version-history":[{"count":2,"href":"https:\/\/junjan.org\/wordpress\/wp-json\/wp\/v2\/posts\/419\/revisions"}],"predecessor-version":[{"id":1699,"href":"https:\/\/junjan.org\/wordpress\/wp-json\/wp\/v2\/posts\/419\/revisions\/1699"}],"wp:attachment":[{"href":"https:\/\/junjan.org\/wordpress\/wp-json\/wp\/v2\/media?parent=419"}],"wp:term":[{"taxonomy":"category","embeddable":true,"href":"https:\/\/junjan.org\/wordpress\/wp-json\/wp\/v2\/categories?post=419"},{"taxonomy":"post_tag","embeddable":true,"href":"https:\/\/junjan.org\/wordpress\/wp-json\/wp\/v2\/tags?post=419"}],"curies":[{"name":"wp","href":"https:\/\/api.w.org\/{rel}","templated":true}]}}