{"id":420,"date":"2005-01-25T14:48:19","date_gmt":"2005-01-25T14:48:19","guid":{"rendered":"http:\/\/junjan.org\/wordpress\/?p=420"},"modified":"2005-01-25T14:48:19","modified_gmt":"2005-01-25T14:48:19","slug":"qu_ms_quisiramos","status":"publish","type":"post","link":"https:\/\/junjan.org\/wordpress\/2005\/01\/qu_ms_quisiramos\/","title":{"rendered":"\u00a1Qu\u00e9 m\u00e1s quisi\u00e9ramos!"},"content":{"rendered":"<p>Dice el Papa que el gobierno espa\u00f1ol tiene un laicismo que <em>\u00abconduce a un desprecio o ignorancia de lo religioso\u00bb<\/em>.<br \/>\nS\u00f3lo puedo agregar, <strong>\u00a1qu\u00e9 m\u00e1s quisi\u00e9ramos!<\/strong><br \/>\n&#8211;Ver [\u00abDiscurso del Papa\u00bb:http:\/\/www.vatican.va\/news_services\/bulletin\/news\/16006.php?index=16006&#038;lang=sp]&#8211;<\/p>\n","protected":false},"excerpt":{"rendered":"<p>Dice el Papa que el gobierno espa\u00f1ol tiene un laicismo que \u00abconduce a un desprecio o ignorancia de lo religioso\u00bb. S\u00f3lo puedo agregar, \u00a1qu\u00e9 m\u00e1s quisi\u00e9ramos! &#8211;Ver [\u00abDiscurso del Papa\u00bb:http:\/\/www.vatican.va\/news_services\/bulletin\/news\/16006.php?index=16006&#038;lang=sp]&#8211;<\/p>\n","protected":false},"author":1,"featured_media":0,"comment_status":"open","ping_status":"open","sticky":false,"template":"","format":"standard","meta":{"neve_meta_sidebar":"","neve_meta_container":"","neve_meta_enable_content_width":"","neve_meta_content_width":0,"neve_meta_title_alignment":"","neve_meta_author_avatar":"","neve_post_elements_order":"","neve_meta_disable_header":"","neve_meta_disable_footer":"","neve_meta_disable_title":"","footnotes":""},"categories":[5],"tags":[],"class_list":["post-420","post","type-post","status-publish","format-standard","hentry","category-actualidad"],"_links":{"self":[{"href":"https:\/\/junjan.org\/wordpress\/wp-json\/wp\/v2\/posts\/420","targetHints":{"allow":["GET"]}}],"collection":[{"href":"https:\/\/junjan.org\/wordpress\/wp-json\/wp\/v2\/posts"}],"about":[{"href":"https:\/\/junjan.org\/wordpress\/wp-json\/wp\/v2\/types\/post"}],"author":[{"embeddable":true,"href":"https:\/\/junjan.org\/wordpress\/wp-json\/wp\/v2\/users\/1"}],"replies":[{"embeddable":true,"href":"https:\/\/junjan.org\/wordpress\/wp-json\/wp\/v2\/comments?post=420"}],"version-history":[{"count":0,"href":"https:\/\/junjan.org\/wordpress\/wp-json\/wp\/v2\/posts\/420\/revisions"}],"wp:attachment":[{"href":"https:\/\/junjan.org\/wordpress\/wp-json\/wp\/v2\/media?parent=420"}],"wp:term":[{"taxonomy":"category","embeddable":true,"href":"https:\/\/junjan.org\/wordpress\/wp-json\/wp\/v2\/categories?post=420"},{"taxonomy":"post_tag","embeddable":true,"href":"https:\/\/junjan.org\/wordpress\/wp-json\/wp\/v2\/tags?post=420"}],"curies":[{"name":"wp","href":"https:\/\/api.w.org\/{rel}","templated":true}]}}