{"id":427,"date":"2005-02-07T20:58:51","date_gmt":"2005-02-07T20:58:51","guid":{"rendered":"http:\/\/junjan.org\/wordpress\/?p=427"},"modified":"2005-02-07T20:58:51","modified_gmt":"2005-02-07T20:58:51","slug":"efectos_de_la_constitucin_euro","status":"publish","type":"post","link":"https:\/\/junjan.org\/wordpress\/2005\/02\/efectos_de_la_constitucin_euro\/","title":{"rendered":"Efectos de la Constituci\u00f3n Europea"},"content":{"rendered":"<p>La revista \u00abCaf\u00e9 Babel\u00bb:http:\/\/www.cafebabel.com ha realizado un estupendo \u00abmonogr\u00e1fico\u00bb:http:\/\/www.cafebabel.com\/es\/dossier.asp?id=146 con art\u00edculos que explican la constituci\u00f3n europea y sus implicaciones.<br \/>\n\u00ac \u00ab\u00bfQu\u00e9 significa realmente?\u00bb:http:\/\/www.cafebabel.com\/es\/article.asp?T=T&#038;Id=3093<\/p>\n<blockquote><p>\u00abOtro elemento crucial de la Constituci\u00f3n es la Carta de Derechos Fundamentales, que salvaguarda la vida y la libertad como derechos individuales inalienables. Tambi\u00e9n promueve un mayor n\u00famero de \u00abderechos positivos\u00bb, derechos que los ciudadanos pueden exigir en cualquier Estado en el que residan. Se incluyen aqu\u00ed los derechos a asistencia en el hogar, a seguridad social, a protecci\u00f3n del consumidor y otros servicios de \u00abinter\u00e9s econ\u00f3mico general\u00bb. De esta forma, las instituciones de la UE legislar\u00e1n y arbitrar\u00e1n muchos m\u00e1s asuntos pol\u00edticos que hasta ahora han sido competencia de los Estados.\u00bb<\/p><\/blockquote>\n<p>\u00ac \u00ab\u00bfOrgulloso de ser europeo?\u00bb:http:\/\/www.cafebabel.com\/es\/article.asp?T=T&#038;Id=3114<\/p>\n<blockquote><p>\u00abEn Espa\u00f1a, por ejemplo, existe mucha controversia sobre si los vascos deber\u00edan continuar siendo ciudadanos espa\u00f1oles o deber\u00edan tener su propio Estado. En el Reino Unido una reciente encuesta con adolescentes dio como resultado que muchos de ellos se consideraban a s\u00ed mismos ingleses, escoceses o galeses m\u00e1s que brit\u00e1nicos. Un italiano de Mil\u00e1n encuentra posiblemente m\u00e1s similitudes con un parisino que con un compatriota siciliano. Sin embargo, a pesar de ello, todav\u00eda puede adivinarse un n\u00facleo compartido de valores europeos culturales, pol\u00edticos y sociales. Esto es reconocido por intelectuales como el fallecido Jacques Derrida y J\u00fcrgen Habermas, quienes identifican cinco caracter\u00edsticas europeas clave: la neutralidad de la autoridad, la confianza en la pol\u00edtica m\u00e1s que en el capitalismo de mercado, un car\u00e1cter solidario en la lucha por la justicia social, una alta estimaci\u00f3n por las leyes internacionales y los derechos individuales, y un apoyo del papel organizacional y principal del Estado.\u00bb<\/p><\/blockquote>\n<p>\u00ac \u00abCuerda floja para la inmigraci\u00f3n\u00bb:http:\/\/www.cafebabel.com\/es\/article.asp?T=A&#038;Id=1068<\/p>\n<blockquote><p>\u00abEl tratado constitucional supone sin duda un gran avance en materia de inmigraci\u00f3n. La desaparici\u00f3n de la estructura en pilares, la generalizaci\u00f3n del procedimiento de codecisi\u00f3n con el Parlamento y el reconocimiento de la plena competencia del Tribunal de Justicia son sin duda factores de cambio importantes que permitir\u00e1n elaborar normas con un mayor control democr\u00e1tico. La integraci\u00f3n de la Carta Europea de Derechos Fundamentales y la posible adhesi\u00f3n de la UE a la Convenci\u00f3n Europea de Derechos Humanos tambi\u00e9n tendr\u00e1n sin duda una influencia positiva en estas pol\u00edticas.<br \/>\nPero el gran desaf\u00edo de la pol\u00edtica de inmigraci\u00f3n en el futuro no ser\u00e1 tanto las novedades que aporta la Constituci\u00f3n como el hecho de que durante mucho tiempo vamos a tener que lidiar con un derecho (aprobado en estos \u00faltimo cinco a\u00f1os) que es de mala calidad, que no establece m\u00e1s que un m\u00ednimo com\u00fan denominador con riesgos de harmonizaci\u00f3n a la baja, que ignora la inmigraci\u00f3n econ\u00f3mica y que sin duda no va a responder a las necesidades de la Europa ampliada. Bienvenidas sean las reformas de la Constituci\u00f3n. Nos van hacer falta para deshacer este entuerto.\u00bb<\/p><\/blockquote>\n<p>M\u00e1s en \u00abCaf\u00e9 Babel\u00bb:http:\/\/www.cafebabel.com\/es\/dossier.asp?id=146<\/p>\n","protected":false},"excerpt":{"rendered":"<p>La revista \u00abCaf\u00e9 Babel\u00bb:http:\/\/www.cafebabel.com ha realizado un estupendo \u00abmonogr\u00e1fico\u00bb:http:\/\/www.cafebabel.com\/es\/dossier.asp?id=146 con art\u00edculos que explican la constituci\u00f3n europea y sus implicaciones. \u00ac \u00ab\u00bfQu\u00e9 significa realmente?\u00bb:http:\/\/www.cafebabel.com\/es\/article.asp?T=T&#038;Id=3093 \u00abOtro elemento crucial de la Constituci\u00f3n es la Carta de Derechos Fundamentales, que salvaguarda la vida y la libertad como derechos individuales inalienables. Tambi\u00e9n promueve un mayor n\u00famero de \u00abderechos positivos\u00bb, derechos&hellip;&nbsp;<a href=\"https:\/\/junjan.org\/wordpress\/2005\/02\/efectos_de_la_constitucin_euro\/\" rel=\"bookmark\">Leer m\u00e1s &raquo;<span class=\"screen-reader-text\">Efectos de la Constituci\u00f3n Europea<\/span><\/a><\/p>\n","protected":false},"author":1,"featured_media":0,"comment_status":"open","ping_status":"open","sticky":false,"template":"","format":"standard","meta":{"neve_meta_sidebar":"","neve_meta_container":"","neve_meta_enable_content_width":"","neve_meta_content_width":0,"neve_meta_title_alignment":"","neve_meta_author_avatar":"","neve_post_elements_order":"","neve_meta_disable_header":"","neve_meta_disable_footer":"","neve_meta_disable_title":"","footnotes":""},"categories":[5],"tags":[],"class_list":["post-427","post","type-post","status-publish","format-standard","hentry","category-actualidad"],"_links":{"self":[{"href":"https:\/\/junjan.org\/wordpress\/wp-json\/wp\/v2\/posts\/427","targetHints":{"allow":["GET"]}}],"collection":[{"href":"https:\/\/junjan.org\/wordpress\/wp-json\/wp\/v2\/posts"}],"about":[{"href":"https:\/\/junjan.org\/wordpress\/wp-json\/wp\/v2\/types\/post"}],"author":[{"embeddable":true,"href":"https:\/\/junjan.org\/wordpress\/wp-json\/wp\/v2\/users\/1"}],"replies":[{"embeddable":true,"href":"https:\/\/junjan.org\/wordpress\/wp-json\/wp\/v2\/comments?post=427"}],"version-history":[{"count":0,"href":"https:\/\/junjan.org\/wordpress\/wp-json\/wp\/v2\/posts\/427\/revisions"}],"wp:attachment":[{"href":"https:\/\/junjan.org\/wordpress\/wp-json\/wp\/v2\/media?parent=427"}],"wp:term":[{"taxonomy":"category","embeddable":true,"href":"https:\/\/junjan.org\/wordpress\/wp-json\/wp\/v2\/categories?post=427"},{"taxonomy":"post_tag","embeddable":true,"href":"https:\/\/junjan.org\/wordpress\/wp-json\/wp\/v2\/tags?post=427"}],"curies":[{"name":"wp","href":"https:\/\/api.w.org\/{rel}","templated":true}]}}