{"id":433,"date":"2005-02-12T23:02:13","date_gmt":"2005-02-12T23:02:13","guid":{"rendered":"http:\/\/junjan.org\/wordpress\/?p=433"},"modified":"2005-02-12T23:02:13","modified_gmt":"2005-02-12T23:02:13","slug":"el_dedo_en_la_llaga","status":"publish","type":"post","link":"https:\/\/junjan.org\/wordpress\/2005\/02\/el_dedo_en_la_llaga\/","title":{"rendered":"El dedo en la llaga"},"content":{"rendered":"<p>Alberto Arce vuelve a poner [\u00abel dedo en la llaga\u00bb:http:\/\/www.lainsignia.org\/2005\/febrero\/soc_017.htm]. Imprescindible su lectura.<\/p>\n<blockquote><p><strong>Hipocres\u00eda en la regularizaci\u00f3n de inmigrantes<\/strong><br \/>\nHecha la ley, hecha la trampa. En los \u00faltimos d\u00edas he podido encontrarme ante unos cuantos ejemplos de que ninguno de nuestros problemas reales est\u00e1 en el camino de encontrar una soluci\u00f3n que sirva para que los ciudadanos que m\u00e1s lo necesitan puedan vivir tranquilos. Mientras la vida diaria de la mayor\u00eda de las personas que realmente necesitan la ayuda del Estado contin\u00faa poni\u00e9ndose m\u00e1s cuesta arriba cada d\u00eda, nuestros pol\u00edticos mienten y mienten y se evaden de la realidad en et\u00e9reas cuestiones de principios con muy poca aplicaci\u00f3n pr\u00e1ctica&#8230;<br \/>\nNo dudo de la buena intenci\u00f3n del gobierno. Pero tampoco es necesario ser demasiado inteligente para comprender que nuestro pa\u00eds tiene una bomba de relojer\u00eda entre las manos. Se habla de entre 500.000 y 800.000 personas que trabajan entre nosotros sin papeles. Tenga o no tenga buena intenci\u00f3n el gobierno, la cuesti\u00f3n debe ser afrontada porque puede estallar cualquier d\u00eda si no se ponen cartas en el asunto. El volumen de personas que est\u00e1 dispuesto a aceptar cualquier condici\u00f3n laboral a cambio de alg\u00fan ingreso es tal, que los empresarios pueden permitirse el lujo de exprimirles un poquito m\u00e1s cada vez. Y como le dec\u00eda a mi amigo paquistan\u00ed \u00aben cuanto t\u00fa te legalices, contratar\u00e1n a alg\u00fan amigo tuyo reci\u00e9n llegado que cobre a\u00fan menos que t\u00fa\u00bb. Siempre, ante el silencio y el permiso pasivo de nuestros se\u00f1ores inspectores de trabajo, uno de los cuerpos de la administraci\u00f3n m\u00e1s ciegos que quien esto escribe puede llegar a imaginarse.<br \/>\nAs\u00ed que vamos de mal en peor. Malos tiempos aquellos en los que debemos limitarnos a repetir verdades evidentes que nadie parece reconocer. Los sindicatos callan por incapacidad o complicidad, prefiero no decidirme. Los inmigrantes agachan la cabeza por pura necesidad. El gobierno se pone medallitas y los empresarios se benefician para poder continuar ganando cada vez m\u00e1s dinero. As\u00ed es como funciona Espa\u00f1a, y me temo que ya no quedan pa\u00edses mucho m\u00e1s decentes donde exiliarse: hasta el bienestar n\u00f3rdico parece haber comenzado a desvanecerse.\n<\/p><\/blockquote>\n<p>Nada que a\u00f1adir. Entre los cientos de comentarios que muchas personas han ido haciendo sobre el proceso de regularizaci\u00f3n hay uno que tambi\u00e9n pone el dedo en la llaga. &#8211;He editado la puntuaci\u00f3n y las abreviaturas.&#8211;<\/p>\n<blockquote><p>Hola dejenme contarles. S\u00e9 de alguien que trabaja con un permiso de trabajo chungo, que tiene 5 meses de aportaci\u00f3n a la seguridad social y esta empadronado desde mayo de 2004, aunque lleg\u00f3 hace dos a\u00f1os. Sus jefes, por supuesto, le han dicho que no mover\u00e1n un dedo si se da el caso. Como este t\u00edo, que es un sobreviviente, hay cientos de casos.<br \/>\nComo una reflexi\u00f3n tendr\u00edamos que ver cuantos son en realidad. Porque s\u00f3lo yo conozco 45 personas que no tienen documentos en Madrid, o simplemente mirad en el metro y contad, si pod\u00e9is, cuantos \u201cextranjeros\u201d veis.<br \/>\nSalvedades como estas hay muchas, \u00bfestar\u00e1n contempladas?<br \/>\n\u00bfTendr\u00e1 este t\u00edo un lugar en la Espa\u00f1a que comenzara el 2005?<br \/>\nEscrito por oswaldo : Diciembre 7, 2004 07:22 PM\n<\/p><\/blockquote>\n","protected":false},"excerpt":{"rendered":"<p>Alberto Arce vuelve a poner [\u00abel dedo en la llaga\u00bb:http:\/\/www.lainsignia.org\/2005\/febrero\/soc_017.htm]. Imprescindible su lectura. Hipocres\u00eda en la regularizaci\u00f3n de inmigrantes Hecha la ley, hecha la trampa. En los \u00faltimos d\u00edas he podido encontrarme ante unos cuantos ejemplos de que ninguno de nuestros problemas reales est\u00e1 en el camino de encontrar una soluci\u00f3n que sirva para que&hellip;&nbsp;<a href=\"https:\/\/junjan.org\/wordpress\/2005\/02\/el_dedo_en_la_llaga\/\" rel=\"bookmark\">Leer m\u00e1s &raquo;<span class=\"screen-reader-text\">El dedo en la llaga<\/span><\/a><\/p>\n","protected":false},"author":1,"featured_media":0,"comment_status":"open","ping_status":"open","sticky":false,"template":"","format":"standard","meta":{"neve_meta_sidebar":"","neve_meta_container":"","neve_meta_enable_content_width":"","neve_meta_content_width":0,"neve_meta_title_alignment":"","neve_meta_author_avatar":"","neve_post_elements_order":"","neve_meta_disable_header":"","neve_meta_disable_footer":"","neve_meta_disable_title":"","footnotes":""},"categories":[5],"tags":[71],"class_list":["post-433","post","type-post","status-publish","format-standard","hentry","category-actualidad","tag-alberto-arce-regularizacion-inmigracion"],"_links":{"self":[{"href":"https:\/\/junjan.org\/wordpress\/wp-json\/wp\/v2\/posts\/433","targetHints":{"allow":["GET"]}}],"collection":[{"href":"https:\/\/junjan.org\/wordpress\/wp-json\/wp\/v2\/posts"}],"about":[{"href":"https:\/\/junjan.org\/wordpress\/wp-json\/wp\/v2\/types\/post"}],"author":[{"embeddable":true,"href":"https:\/\/junjan.org\/wordpress\/wp-json\/wp\/v2\/users\/1"}],"replies":[{"embeddable":true,"href":"https:\/\/junjan.org\/wordpress\/wp-json\/wp\/v2\/comments?post=433"}],"version-history":[{"count":0,"href":"https:\/\/junjan.org\/wordpress\/wp-json\/wp\/v2\/posts\/433\/revisions"}],"wp:attachment":[{"href":"https:\/\/junjan.org\/wordpress\/wp-json\/wp\/v2\/media?parent=433"}],"wp:term":[{"taxonomy":"category","embeddable":true,"href":"https:\/\/junjan.org\/wordpress\/wp-json\/wp\/v2\/categories?post=433"},{"taxonomy":"post_tag","embeddable":true,"href":"https:\/\/junjan.org\/wordpress\/wp-json\/wp\/v2\/tags?post=433"}],"curies":[{"name":"wp","href":"https:\/\/api.w.org\/{rel}","templated":true}]}}