{"id":435,"date":"2005-02-13T18:27:39","date_gmt":"2005-02-13T18:27:39","guid":{"rendered":"http:\/\/junjan.org\/wordpress\/?p=435"},"modified":"2005-02-13T18:27:39","modified_gmt":"2005-02-13T18:27:39","slug":"contraproducente","status":"publish","type":"post","link":"https:\/\/junjan.org\/wordpress\/2005\/02\/contraproducente\/","title":{"rendered":"Contraproducente"},"content":{"rendered":"<p>\u00ab[\u00abIr\u00e1n en el punto de mira\u00bb:http:\/\/www.monde-diplomatique.es\/2005\/02\/ramonet.html]\u00bb por Ignacio Ramonet<\/p>\n<blockquote><p>En momentos en que Ir\u00e1n se prepara para las elecciones presidenciales de junio de 2005, a las cuales ya no puede volver a presentarse el reformista Mohammed Jatami, que concluye su segundo mandato, esas amenazas caen mal. Para muchos opositores podr\u00edan, parad\u00f3jicamente, fortalecer un r\u00e9gimen isl\u00e1mico sin aliento. \u201c Los abusos del islam radical \u2013declara, por ejemplo, un periodista laico\u2013, han generado una reacci\u00f3n del pueblo, especialmente de las mujeres que reclaman m\u00e1s democracia. La mayor parte de los iran\u00edes vieron con simpat\u00eda las intervenciones estadounidenses contra el Afganist\u00e1n de los talibanes y contra el Irak de Sadam Husein, porque nos liberaron de dos reg\u00edmenes ferozmente hostiles hacia nosotros. Pero las amenazas actuales de Washington e Israel son en cambio funcionales a las corrientes m\u00e1s conservadoras, y catapultan a la presidencia a los candidatos m\u00e1s antireformistas. Son un desastre para los dem\u00f3cratas iran\u00edes\u201d.<\/p><\/blockquote>\n","protected":false},"excerpt":{"rendered":"<p>\u00ab[\u00abIr\u00e1n en el punto de mira\u00bb:http:\/\/www.monde-diplomatique.es\/2005\/02\/ramonet.html]\u00bb por Ignacio Ramonet En momentos en que Ir\u00e1n se prepara para las elecciones presidenciales de junio de 2005, a las cuales ya no puede volver a presentarse el reformista Mohammed Jatami, que concluye su segundo mandato, esas amenazas caen mal. Para muchos opositores podr\u00edan, parad\u00f3jicamente, fortalecer un r\u00e9gimen isl\u00e1mico&hellip;&nbsp;<a href=\"https:\/\/junjan.org\/wordpress\/2005\/02\/contraproducente\/\" rel=\"bookmark\">Leer m\u00e1s &raquo;<span class=\"screen-reader-text\">Contraproducente<\/span><\/a><\/p>\n","protected":false},"author":1,"featured_media":0,"comment_status":"open","ping_status":"open","sticky":false,"template":"","format":"standard","meta":{"neve_meta_sidebar":"","neve_meta_container":"","neve_meta_enable_content_width":"","neve_meta_content_width":0,"neve_meta_title_alignment":"","neve_meta_author_avatar":"","neve_post_elements_order":"","neve_meta_disable_header":"","neve_meta_disable_footer":"","neve_meta_disable_title":"","footnotes":""},"categories":[5],"tags":[],"class_list":["post-435","post","type-post","status-publish","format-standard","hentry","category-actualidad"],"_links":{"self":[{"href":"https:\/\/junjan.org\/wordpress\/wp-json\/wp\/v2\/posts\/435","targetHints":{"allow":["GET"]}}],"collection":[{"href":"https:\/\/junjan.org\/wordpress\/wp-json\/wp\/v2\/posts"}],"about":[{"href":"https:\/\/junjan.org\/wordpress\/wp-json\/wp\/v2\/types\/post"}],"author":[{"embeddable":true,"href":"https:\/\/junjan.org\/wordpress\/wp-json\/wp\/v2\/users\/1"}],"replies":[{"embeddable":true,"href":"https:\/\/junjan.org\/wordpress\/wp-json\/wp\/v2\/comments?post=435"}],"version-history":[{"count":0,"href":"https:\/\/junjan.org\/wordpress\/wp-json\/wp\/v2\/posts\/435\/revisions"}],"wp:attachment":[{"href":"https:\/\/junjan.org\/wordpress\/wp-json\/wp\/v2\/media?parent=435"}],"wp:term":[{"taxonomy":"category","embeddable":true,"href":"https:\/\/junjan.org\/wordpress\/wp-json\/wp\/v2\/categories?post=435"},{"taxonomy":"post_tag","embeddable":true,"href":"https:\/\/junjan.org\/wordpress\/wp-json\/wp\/v2\/tags?post=435"}],"curies":[{"name":"wp","href":"https:\/\/api.w.org\/{rel}","templated":true}]}}