{"id":441,"date":"2005-02-25T13:07:22","date_gmt":"2005-02-25T13:07:22","guid":{"rendered":"http:\/\/junjan.org\/wordpress\/?p=441"},"modified":"2005-02-25T13:07:22","modified_gmt":"2005-02-25T13:07:22","slug":"malvados_genocidas","status":"publish","type":"post","link":"https:\/\/junjan.org\/wordpress\/2005\/02\/malvados_genocidas\/","title":{"rendered":"Malvados genocidas"},"content":{"rendered":"<p>En sus esfuerzos por realizar una \u00abnueva evangelizaci\u00f3n\u00bb, el Papa acaba de publicar el libro \u00abMemoria e Identidad\u00bb. Seg\u00fan los medios de comunicaci\u00f3n que lo analizan el Papa nos re-descubre conceptos, que en nuestra ignorancia, est\u00e1bamos olvidando. Nos recuerda que el matrimonio entre homosexuales es \u00abuna nueva ideolog\u00eda del mal\u00bb que est\u00e1 amenazando a la sociedad, y que el aborto es una \u00abexterminaci\u00f3n legal\u00bb comparable con el genocidio jud\u00edo.<br \/>\nEs de agradecer que el Papa dedique sus \u00faltimos a\u00f1os a recopilar todos los grandes pensamientos que circulan por su mente (<em>\u00bfalucinada?<\/em>). Tambi\u00e9n es de agradecer que muchos medios de comunicaci\u00f3n nos lo recuerden con tanta insistencia (<em>\u00bfinteresada?<\/em>). Entre la cultura humana que nos da el saber todos los peque\u00f1os problemas que padecen las sufridas estrellas del f\u00fatbol (<em>de espinillas para arriba<\/em>) y los grandes momentos espirituales que nos dan el Papa y sus subordinados vamos camino de un nuevo Renacimiento.<br \/>\n<strong>Espero con fervor que la plaga les alcance a todos.<\/strong><\/p>\n","protected":false},"excerpt":{"rendered":"<p>En sus esfuerzos por realizar una \u00abnueva evangelizaci\u00f3n\u00bb, el Papa acaba de publicar el libro \u00abMemoria e Identidad\u00bb. Seg\u00fan los medios de comunicaci\u00f3n que lo analizan el Papa nos re-descubre conceptos, que en nuestra ignorancia, est\u00e1bamos olvidando. Nos recuerda que el matrimonio entre homosexuales es \u00abuna nueva ideolog\u00eda del mal\u00bb que est\u00e1 amenazando a la&hellip;&nbsp;<a href=\"https:\/\/junjan.org\/wordpress\/2005\/02\/malvados_genocidas\/\" rel=\"bookmark\">Leer m\u00e1s &raquo;<span class=\"screen-reader-text\">Malvados genocidas<\/span><\/a><\/p>\n","protected":false},"author":1,"featured_media":0,"comment_status":"open","ping_status":"open","sticky":false,"template":"","format":"standard","meta":{"neve_meta_sidebar":"","neve_meta_container":"","neve_meta_enable_content_width":"","neve_meta_content_width":0,"neve_meta_title_alignment":"","neve_meta_author_avatar":"","neve_post_elements_order":"","neve_meta_disable_header":"","neve_meta_disable_footer":"","neve_meta_disable_title":"","footnotes":""},"categories":[9],"tags":[],"class_list":["post-441","post","type-post","status-publish","format-standard","hentry","category-opinion"],"_links":{"self":[{"href":"https:\/\/junjan.org\/wordpress\/wp-json\/wp\/v2\/posts\/441","targetHints":{"allow":["GET"]}}],"collection":[{"href":"https:\/\/junjan.org\/wordpress\/wp-json\/wp\/v2\/posts"}],"about":[{"href":"https:\/\/junjan.org\/wordpress\/wp-json\/wp\/v2\/types\/post"}],"author":[{"embeddable":true,"href":"https:\/\/junjan.org\/wordpress\/wp-json\/wp\/v2\/users\/1"}],"replies":[{"embeddable":true,"href":"https:\/\/junjan.org\/wordpress\/wp-json\/wp\/v2\/comments?post=441"}],"version-history":[{"count":0,"href":"https:\/\/junjan.org\/wordpress\/wp-json\/wp\/v2\/posts\/441\/revisions"}],"wp:attachment":[{"href":"https:\/\/junjan.org\/wordpress\/wp-json\/wp\/v2\/media?parent=441"}],"wp:term":[{"taxonomy":"category","embeddable":true,"href":"https:\/\/junjan.org\/wordpress\/wp-json\/wp\/v2\/categories?post=441"},{"taxonomy":"post_tag","embeddable":true,"href":"https:\/\/junjan.org\/wordpress\/wp-json\/wp\/v2\/tags?post=441"}],"curies":[{"name":"wp","href":"https:\/\/api.w.org\/{rel}","templated":true}]}}