{"id":442,"date":"2005-02-25T15:17:25","date_gmt":"2005-02-25T15:17:25","guid":{"rendered":"http:\/\/junjan.org\/wordpress\/?p=442"},"modified":"2005-02-25T15:17:25","modified_gmt":"2005-02-25T15:17:25","slug":"juicio_histrico","status":"publish","type":"post","link":"https:\/\/junjan.org\/wordpress\/2005\/02\/juicio_histrico\/","title":{"rendered":"Juicio hist\u00f3rico"},"content":{"rendered":"<blockquote><p>&#8211;Preguntado en \u00ab[\u00ab20 minutos\u00bb:http:\/\/www.20minutos.es\/noticia\/7385\/0\/JUICIO\/HISTORICO\/FRANQUISMO\/]\u00bb sobre si alguna vez se exigir\u00e1n cuentas penales al franquismo:&#8211;<br \/>\n\u00abCreo que el Parlamento deber\u00eda tomar una decisi\u00f3n firme. Despu\u00e9s de todo este tiempo, ser\u00e1 dif\u00edcil encontrar responsabilidad penal, pero intentemos establecer, al menos, un juicio hist\u00f3rico claro de las violaciones masivas de los derechos fundamentales en la dictadura. Con cerrar los ojos no se olvidan los ciudadanos espa\u00f1oles que fueron asesinados, masacrados, marginados y perseguidos.\u00bb<br \/>\n<strong>Baltasar Garz\u00f3n<\/strong>\n<\/p><\/blockquote>\n","protected":false},"excerpt":{"rendered":"<p>&#8211;Preguntado en \u00ab[\u00ab20 minutos\u00bb:http:\/\/www.20minutos.es\/noticia\/7385\/0\/JUICIO\/HISTORICO\/FRANQUISMO\/]\u00bb sobre si alguna vez se exigir\u00e1n cuentas penales al franquismo:&#8211; \u00abCreo que el Parlamento deber\u00eda tomar una decisi\u00f3n firme. Despu\u00e9s de todo este tiempo, ser\u00e1 dif\u00edcil encontrar responsabilidad penal, pero intentemos establecer, al menos, un juicio hist\u00f3rico claro de las violaciones masivas de los derechos fundamentales en la dictadura. Con cerrar&hellip;&nbsp;<a href=\"https:\/\/junjan.org\/wordpress\/2005\/02\/juicio_histrico\/\" rel=\"bookmark\">Leer m\u00e1s &raquo;<span class=\"screen-reader-text\">Juicio hist\u00f3rico<\/span><\/a><\/p>\n","protected":false},"author":1,"featured_media":0,"comment_status":"open","ping_status":"open","sticky":false,"template":"","format":"standard","meta":{"neve_meta_sidebar":"","neve_meta_container":"","neve_meta_enable_content_width":"","neve_meta_content_width":0,"neve_meta_title_alignment":"","neve_meta_author_avatar":"","neve_post_elements_order":"","neve_meta_disable_header":"","neve_meta_disable_footer":"","neve_meta_disable_title":"","footnotes":""},"categories":[32],"tags":[],"class_list":["post-442","post","type-post","status-publish","format-standard","hentry","category-frases"],"_links":{"self":[{"href":"https:\/\/junjan.org\/wordpress\/wp-json\/wp\/v2\/posts\/442","targetHints":{"allow":["GET"]}}],"collection":[{"href":"https:\/\/junjan.org\/wordpress\/wp-json\/wp\/v2\/posts"}],"about":[{"href":"https:\/\/junjan.org\/wordpress\/wp-json\/wp\/v2\/types\/post"}],"author":[{"embeddable":true,"href":"https:\/\/junjan.org\/wordpress\/wp-json\/wp\/v2\/users\/1"}],"replies":[{"embeddable":true,"href":"https:\/\/junjan.org\/wordpress\/wp-json\/wp\/v2\/comments?post=442"}],"version-history":[{"count":0,"href":"https:\/\/junjan.org\/wordpress\/wp-json\/wp\/v2\/posts\/442\/revisions"}],"wp:attachment":[{"href":"https:\/\/junjan.org\/wordpress\/wp-json\/wp\/v2\/media?parent=442"}],"wp:term":[{"taxonomy":"category","embeddable":true,"href":"https:\/\/junjan.org\/wordpress\/wp-json\/wp\/v2\/categories?post=442"},{"taxonomy":"post_tag","embeddable":true,"href":"https:\/\/junjan.org\/wordpress\/wp-json\/wp\/v2\/tags?post=442"}],"curies":[{"name":"wp","href":"https:\/\/api.w.org\/{rel}","templated":true}]}}