{"id":444,"date":"2005-02-25T17:40:14","date_gmt":"2005-02-25T17:40:14","guid":{"rendered":"http:\/\/junjan.org\/wordpress\/?p=444"},"modified":"2005-02-25T17:40:14","modified_gmt":"2005-02-25T17:40:14","slug":"ridicule","status":"publish","type":"post","link":"https:\/\/junjan.org\/wordpress\/2005\/02\/ridicule\/","title":{"rendered":"Ridicule"},"content":{"rendered":"<p>Confieso que los art\u00edculos de Alberto Arce en \u00abLa Insignia\u00bb:http:\/\/www.lainsignia.org\/ son mis favoritos. Su an\u00e1lisis de nuestras pat\u00e9ticas relaciones con el Gran Hermano son, como siempre, inmejorables.<\/p>\n<blockquote><p>\n\u00abPasillos internacionales e incongruencias gubernamentales\u00bb:http:\/\/www.lainsignia.org\/2005\/febrero\/ibe_059.htm<br \/>\n\u00ab&#8230;nuestro presidente, despu\u00e9s de conseguir que el emperador se dignase a hablar con \u00e9l durante unos instantes, utiliz\u00f3 ese incre\u00edble gesto de buena voluntad por parte de quien todo lo ordena y lo dirige para representar el papel de chico bueno al que tan bien acostumbrados nos tiene. Se esforz\u00f3 tambi\u00e9n en dejarle claro al Gran Jefe, a trav\u00e9s de los medios de comunicaci\u00f3n, que Espa\u00f1a est\u00e1 del lado de la nueva coalici\u00f3n que comienza a formarse en torno a los Estados Unidos para apretarle las clavijas a Siria, nuevo pe\u00f3n a atacar y destruir en la estrategia imperial para Oriente Medio de los Estados Unidos. Por lo visto era necesario recular de posiciones anteriores, m\u00e1s tendentes a la defensa de la paz y la legalidad internacional, como parece estar comprendiendo tambi\u00e9n Francia, tan renuente a la colaboraci\u00f3n con la guerra de Irak y tan dispuesta ahora a la presi\u00f3n sobre Siria.<br \/>\nSi nuestras relaciones bilaterales con los Estados Unidos no atraviesan por su mejor momento se debe a que Espa\u00f1a fue el primer pa\u00eds en retirar sus tropas de la coalici\u00f3n que actualmente mantiene la invasi\u00f3n militar de Irak. Y lo hizo bas\u00e1ndose en que los argumentos sobre los que tal guerra de invasi\u00f3n se hab\u00eda desatado no eran ni leg\u00edtimos, ni apoyados por la ciudadan\u00eda. Una postura pol\u00edtica que ha sido merecedora de tantos elogios dentro del bando internacional de la paz y por parte de los millones de espa\u00f1oles que taparon las calles en aquellas memorables jornadas de febrero y marzo de 2003 despert\u00f3, en cambio, la desconfianza de la administraci\u00f3n neoconservadora de Bush Jr. y coloc\u00f3 a Espa\u00f1a en una posici\u00f3n poco cooperadora con el imperio, que nuestro presidente quiere revertir.\u00bb\n<\/p><\/blockquote>\n","protected":false},"excerpt":{"rendered":"<p>Confieso que los art\u00edculos de Alberto Arce en \u00abLa Insignia\u00bb:http:\/\/www.lainsignia.org\/ son mis favoritos. Su an\u00e1lisis de nuestras pat\u00e9ticas relaciones con el Gran Hermano son, como siempre, inmejorables. \u00abPasillos internacionales e incongruencias gubernamentales\u00bb:http:\/\/www.lainsignia.org\/2005\/febrero\/ibe_059.htm \u00ab&#8230;nuestro presidente, despu\u00e9s de conseguir que el emperador se dignase a hablar con \u00e9l durante unos instantes, utiliz\u00f3 ese incre\u00edble gesto de buena&hellip;&nbsp;<a href=\"https:\/\/junjan.org\/wordpress\/2005\/02\/ridicule\/\" rel=\"bookmark\">Leer m\u00e1s &raquo;<span class=\"screen-reader-text\">Ridicule<\/span><\/a><\/p>\n","protected":false},"author":1,"featured_media":0,"comment_status":"open","ping_status":"open","sticky":false,"template":"","format":"standard","meta":{"neve_meta_sidebar":"","neve_meta_container":"","neve_meta_enable_content_width":"","neve_meta_content_width":0,"neve_meta_title_alignment":"","neve_meta_author_avatar":"","neve_post_elements_order":"","neve_meta_disable_header":"","neve_meta_disable_footer":"","neve_meta_disable_title":"","footnotes":""},"categories":[5],"tags":[],"class_list":["post-444","post","type-post","status-publish","format-standard","hentry","category-actualidad"],"_links":{"self":[{"href":"https:\/\/junjan.org\/wordpress\/wp-json\/wp\/v2\/posts\/444","targetHints":{"allow":["GET"]}}],"collection":[{"href":"https:\/\/junjan.org\/wordpress\/wp-json\/wp\/v2\/posts"}],"about":[{"href":"https:\/\/junjan.org\/wordpress\/wp-json\/wp\/v2\/types\/post"}],"author":[{"embeddable":true,"href":"https:\/\/junjan.org\/wordpress\/wp-json\/wp\/v2\/users\/1"}],"replies":[{"embeddable":true,"href":"https:\/\/junjan.org\/wordpress\/wp-json\/wp\/v2\/comments?post=444"}],"version-history":[{"count":0,"href":"https:\/\/junjan.org\/wordpress\/wp-json\/wp\/v2\/posts\/444\/revisions"}],"wp:attachment":[{"href":"https:\/\/junjan.org\/wordpress\/wp-json\/wp\/v2\/media?parent=444"}],"wp:term":[{"taxonomy":"category","embeddable":true,"href":"https:\/\/junjan.org\/wordpress\/wp-json\/wp\/v2\/categories?post=444"},{"taxonomy":"post_tag","embeddable":true,"href":"https:\/\/junjan.org\/wordpress\/wp-json\/wp\/v2\/tags?post=444"}],"curies":[{"name":"wp","href":"https:\/\/api.w.org\/{rel}","templated":true}]}}