{"id":445,"date":"2005-03-02T23:57:53","date_gmt":"2005-03-02T23:57:53","guid":{"rendered":"http:\/\/junjan.org\/wordpress\/?p=445"},"modified":"2005-03-02T23:57:53","modified_gmt":"2005-03-02T23:57:53","slug":"david_contra_teddiat","status":"publish","type":"post","link":"https:\/\/junjan.org\/wordpress\/2005\/03\/david_contra_teddiat\/","title":{"rendered":"David contra Teddiat"},"content":{"rendered":"<p>\u00abDavid Bravo\u00bb:http:\/\/www.filmica.com\/david_bravo\/archivos\/001213.html nos cuenta su experiencia televisiva.<\/p>\n<blockquote><p>El programa empez\u00f3 y sobre \u00e9l no tengo mucho que comentar. Todos lo visteis: falt\u00f3 tiempo. Alc\u00e9 tanto el dedo \u00edndice pidiendo la palabra que se me cogi\u00f3 un tend\u00f3n. Fue muy frustrante. El problema no es por el programa, es por el formato televisivo en general. La tele est\u00e1 hecha para que solo se puedan dar ideas elementales. Si Chenoa dice que los que trabajan en las discogr\u00e1ficas son personas y que pierden sus trabajos, los televidentes no necesitan m\u00e1s explicaciones. A Chenoa le sobran 50 segundos de su minuto. Pero \u00bfc\u00f3mo explicar algo un poco m\u00e1s profundo en ese tiempo? Las intenciones del programa no eran malas. Antes de entrar, Piqueras, nos dijo que pod\u00edamos decir lo que nos diera la gana. Que no nos cort\u00e1ramos. El problema no fue ni del moderador ni del espacio. Fue de la televisi\u00f3n, en la que todo pasa demasiado deprisa y en la que solo hay tiempo para las superficialidades y los lugares comunes. A pesar de eso Bautista no aprovech\u00f3 mucho esa ventaja y ya v\u00edsteis lo que hizo. Se limit\u00f3 a interpretar la realidad a trav\u00e9s de papeles y numeritos. Un disco vale 9 euros seg\u00fan los papeles de Teddy pero vale 20 seg\u00fan la cajera del Carrefour de mi barrio y al final es \u00e9sta opini\u00f3n la \u00fanica que cuenta.<\/p><\/blockquote>\n<p>Para verlo, lo podeis bajar <a href=\"ed2k:\/\/|file|Debate.SGAE.La2.David.Bravo.23.02.2005_[happydjs.com].mpg|625797424|D393EF2BAE6DED0EEF76DD182554BBC0|h=TACU3G4OTFCEOPATRP36FKXQRMTU2KG3|\/\">aqu\u00ed<\/a> (ed2k).<\/p>\n","protected":false},"excerpt":{"rendered":"<p>\u00abDavid Bravo\u00bb:http:\/\/www.filmica.com\/david_bravo\/archivos\/001213.html nos cuenta su experiencia televisiva. El programa empez\u00f3 y sobre \u00e9l no tengo mucho que comentar. Todos lo visteis: falt\u00f3 tiempo. Alc\u00e9 tanto el dedo \u00edndice pidiendo la palabra que se me cogi\u00f3 un tend\u00f3n. Fue muy frustrante. El problema no es por el programa, es por el formato televisivo en general. La&hellip;&nbsp;<a href=\"https:\/\/junjan.org\/wordpress\/2005\/03\/david_contra_teddiat\/\" rel=\"bookmark\">Leer m\u00e1s &raquo;<span class=\"screen-reader-text\">David contra Teddiat<\/span><\/a><\/p>\n","protected":false},"author":1,"featured_media":0,"comment_status":"open","ping_status":"open","sticky":false,"template":"","format":"standard","meta":{"neve_meta_sidebar":"","neve_meta_container":"","neve_meta_enable_content_width":"","neve_meta_content_width":0,"neve_meta_title_alignment":"","neve_meta_author_avatar":"","neve_post_elements_order":"","neve_meta_disable_header":"","neve_meta_disable_footer":"","neve_meta_disable_title":"","footnotes":""},"categories":[5],"tags":[],"class_list":["post-445","post","type-post","status-publish","format-standard","hentry","category-actualidad"],"_links":{"self":[{"href":"https:\/\/junjan.org\/wordpress\/wp-json\/wp\/v2\/posts\/445","targetHints":{"allow":["GET"]}}],"collection":[{"href":"https:\/\/junjan.org\/wordpress\/wp-json\/wp\/v2\/posts"}],"about":[{"href":"https:\/\/junjan.org\/wordpress\/wp-json\/wp\/v2\/types\/post"}],"author":[{"embeddable":true,"href":"https:\/\/junjan.org\/wordpress\/wp-json\/wp\/v2\/users\/1"}],"replies":[{"embeddable":true,"href":"https:\/\/junjan.org\/wordpress\/wp-json\/wp\/v2\/comments?post=445"}],"version-history":[{"count":0,"href":"https:\/\/junjan.org\/wordpress\/wp-json\/wp\/v2\/posts\/445\/revisions"}],"wp:attachment":[{"href":"https:\/\/junjan.org\/wordpress\/wp-json\/wp\/v2\/media?parent=445"}],"wp:term":[{"taxonomy":"category","embeddable":true,"href":"https:\/\/junjan.org\/wordpress\/wp-json\/wp\/v2\/categories?post=445"},{"taxonomy":"post_tag","embeddable":true,"href":"https:\/\/junjan.org\/wordpress\/wp-json\/wp\/v2\/tags?post=445"}],"curies":[{"name":"wp","href":"https:\/\/api.w.org\/{rel}","templated":true}]}}