{"id":450,"date":"2005-03-17T23:29:51","date_gmt":"2005-03-17T23:29:51","guid":{"rendered":"http:\/\/junjan.org\/wordpress\/?p=450"},"modified":"2020-11-27T00:22:45","modified_gmt":"2020-11-26T23:22:45","slug":"hip_hip_hurra","status":"publish","type":"post","link":"https:\/\/junjan.org\/wordpress\/2005\/03\/hip_hip_hurra\/","title":{"rendered":"Hip Hip Hurra"},"content":{"rendered":"\n<p>Me acabo de enterar que han retirado de Madrid la \u00faltima estatua de Francisco Franco, dictador, genocida, torturador y asesino. Ya era hora.<br>Se pregunta uno de los <a rel=\"noreferrer noopener\" href=\"http:\/\/www.libertaddigital.es\/opiniones\/opi_desa_23812.html\" target=\"_blank\" data-type=\"URL\" data-id=\"http:\/\/www.libertaddigital.es\/opiniones\/opi_desa_23812.html\">alegres compa\u00f1eros<\/a> de Losantos:<\/p>\n\n\n\n<blockquote class=\"wp-block-ugb-blockquote ugb-blockquote ugb-1bd7584 ugb-blockquote--v3 ugb-blockquote--design-plain ugb-main-block\"><style>.ugb-1bd7584 .ugb-blockquote__quote{width:70px !important;height:70px !important}<\/style><div class=\"ugb-inner-block\"><div class=\"ugb-block-content\"><div class=\"ugb-blockquote__item\"><svg viewbox=\"0 0 50 50\" xmlns=\"http:\/\/www.w3.org\/2000\/svg\" class=\"ugb-blockquote__quote\" width=\"70\" height=\"70\"><path d=\"M19.8 9.3C10.5 11.8 4.6 17 2.1 24.8c2.3-3.6 5.6-5.4 9.9-5.4 3.3 0 6 1.1 8.3 3.3 2.2 2.2 3.4 5 3.4 8.3 0 3.2-1.1 5.8-3.3 8-2.2 2.2-5.1 3.2-8.7 3.2-3.7 0-6.5-1.2-8.6-3.5C1 36.3 0 33.1 0 29 0 18.3 6.5 11.2 19.6 7.9l.2 1.4zm26.4 0C36.9 11.9 31 17 28.5 24.8c2.2-3.6 5.5-5.4 9.8-5.4 3.2 0 6 1.1 8.3 3.2 2.3 2.2 3.4 4.9 3.4 8.3 0 3.1-1.1 5.8-3.3 7.9-2.2 2.2-5.1 3.3-8.6 3.3-3.7 0-6.6-1.1-8.6-3.4-2.1-2.3-3.1-5.5-3.1-9.7 0-10.7 6.6-17.8 19.7-21.1l.1 1.4z\"><\/path><\/svg><div class=\"ugb-blockquote__content\"><p class=\"ugb-blockquote__text\">\u00bfY qu\u00e9 va a pasar con Isabel la Cat\u00f3lica? \u00bfY qu\u00e9 me dicen de Emilio Castelar? \u00bfY qu\u00e9 les voy a decir de la de Crist\u00f3bal Col\u00f3n, \u00abs\u00edmbolo del imperialismo espa\u00f1ol\u00bb? Puestos a destruir, est\u00e1n dispuestos a aniquilar la historia secular de Espa\u00f1a.<\/p><\/div><\/div><\/div><\/div><\/blockquote>\n\n\n\n<p>Hombre, pues ya puestos a hacer comparaciones idiotas pod\u00edas incluir en la lista al Cid Campeador y a Guzm\u00e1n el Bueno. Pobrecillos, <a rel=\"noreferrer noopener\" href=\"http:\/\/www.cadenaser.com\/articulo.html?d_date=&amp;xref=20050317csrcsrnac_17&amp;type=Tes&amp;anchor=csrcsrpor\" target=\"_blank\">\u00bfd\u00f3nde ir\u00e1n a pasear ahora?<\/a><\/p>\n","protected":false},"excerpt":{"rendered":"<p>Me acabo de enterar que han retirado de Madrid la \u00faltima estatua de Francisco Franco, dictador, genocida, torturador y asesino. Ya era hora.Se pregunta uno de los alegres compa\u00f1eros de Losantos: Hombre, pues ya puestos a hacer comparaciones idiotas pod\u00edas incluir en la lista al Cid Campeador y a Guzm\u00e1n el Bueno. Pobrecillos, \u00bfd\u00f3nde ir\u00e1n&hellip;&nbsp;<a href=\"https:\/\/junjan.org\/wordpress\/2005\/03\/hip_hip_hurra\/\" rel=\"bookmark\">Leer m\u00e1s &raquo;<span class=\"screen-reader-text\">Hip Hip Hurra<\/span><\/a><\/p>\n","protected":false},"author":1,"featured_media":0,"comment_status":"open","ping_status":"open","sticky":false,"template":"","format":"standard","meta":{"neve_meta_sidebar":"","neve_meta_container":"","neve_meta_enable_content_width":"","neve_meta_content_width":0,"neve_meta_title_alignment":"","neve_meta_author_avatar":"","neve_post_elements_order":"","neve_meta_disable_header":"","neve_meta_disable_footer":"","neve_meta_disable_title":"","footnotes":""},"categories":[5],"tags":[983,754],"class_list":["post-450","post","type-post","status-publish","format-standard","hentry","category-actualidad","tag-estatua","tag-franco"],"_links":{"self":[{"href":"https:\/\/junjan.org\/wordpress\/wp-json\/wp\/v2\/posts\/450","targetHints":{"allow":["GET"]}}],"collection":[{"href":"https:\/\/junjan.org\/wordpress\/wp-json\/wp\/v2\/posts"}],"about":[{"href":"https:\/\/junjan.org\/wordpress\/wp-json\/wp\/v2\/types\/post"}],"author":[{"embeddable":true,"href":"https:\/\/junjan.org\/wordpress\/wp-json\/wp\/v2\/users\/1"}],"replies":[{"embeddable":true,"href":"https:\/\/junjan.org\/wordpress\/wp-json\/wp\/v2\/comments?post=450"}],"version-history":[{"count":1,"href":"https:\/\/junjan.org\/wordpress\/wp-json\/wp\/v2\/posts\/450\/revisions"}],"predecessor-version":[{"id":2661,"href":"https:\/\/junjan.org\/wordpress\/wp-json\/wp\/v2\/posts\/450\/revisions\/2661"}],"wp:attachment":[{"href":"https:\/\/junjan.org\/wordpress\/wp-json\/wp\/v2\/media?parent=450"}],"wp:term":[{"taxonomy":"category","embeddable":true,"href":"https:\/\/junjan.org\/wordpress\/wp-json\/wp\/v2\/categories?post=450"},{"taxonomy":"post_tag","embeddable":true,"href":"https:\/\/junjan.org\/wordpress\/wp-json\/wp\/v2\/tags?post=450"}],"curies":[{"name":"wp","href":"https:\/\/api.w.org\/{rel}","templated":true}]}}