{"id":456,"date":"2005-03-27T18:21:34","date_gmt":"2005-03-27T18:21:34","guid":{"rendered":"http:\/\/junjan.org\/wordpress\/?p=456"},"modified":"2005-03-27T18:21:34","modified_gmt":"2005-03-27T18:21:34","slug":"colombia_verdad_justicia_y_rep","status":"publish","type":"post","link":"https:\/\/junjan.org\/wordpress\/2005\/03\/colombia_verdad_justicia_y_rep\/","title":{"rendered":"Colombia: verdad, justicia y reparaci\u00f3n para las v\u00edctimas"},"content":{"rendered":"<p>Iniciativa de \u00abAmnist\u00eda Internacional\u00bb:http:\/\/www.es.amnesty.org\/actua\/colombia_feb05\/index.php<\/p>\n<blockquote><p>Las organizaciones de derechos humanos llevamos muchos a\u00f1os pidiendo al Gobierno colombiano que se desmantelen y combatan los grupos armados ilegales. Sin embargo en vez de estar tomando medidas en ese sentido, est\u00e1n negociando con los grupos paramilitares su desmovilizaci\u00f3n garantizando la impunidad de personas responsables de cr\u00edmenes de guerra y contra la humanidad, incluyendo la violaci\u00f3n y otros actos de violencia de g\u00e9nero.<br \/>\nPor ahora la UE se ha negado a apoyar este proceso, pero son muchas las presiones que el Gobierno espa\u00f1ol est\u00e1 recibiendo para apoyarlo. Es necesario que el Gobierno espa\u00f1ol no apoye ni pol\u00edtica ni econ\u00f3micamente la desmovilizaci\u00f3n ni otras iniciativas contrarias al derecho de las v\u00edctimas a la verdad, justicia y reparaci\u00f3n y exija que se lleve a los responsables de los abusos y cr\u00edmenes cometidos ante la justicia.<\/p><\/blockquote>\n","protected":false},"excerpt":{"rendered":"<p>Iniciativa de \u00abAmnist\u00eda Internacional\u00bb:http:\/\/www.es.amnesty.org\/actua\/colombia_feb05\/index.php Las organizaciones de derechos humanos llevamos muchos a\u00f1os pidiendo al Gobierno colombiano que se desmantelen y combatan los grupos armados ilegales. Sin embargo en vez de estar tomando medidas en ese sentido, est\u00e1n negociando con los grupos paramilitares su desmovilizaci\u00f3n garantizando la impunidad de personas responsables de cr\u00edmenes de guerra y&hellip;&nbsp;<a href=\"https:\/\/junjan.org\/wordpress\/2005\/03\/colombia_verdad_justicia_y_rep\/\" rel=\"bookmark\">Leer m\u00e1s &raquo;<span class=\"screen-reader-text\">Colombia: verdad, justicia y reparaci\u00f3n para las v\u00edctimas<\/span><\/a><\/p>\n","protected":false},"author":1,"featured_media":0,"comment_status":"open","ping_status":"open","sticky":false,"template":"","format":"standard","meta":{"neve_meta_sidebar":"","neve_meta_container":"","neve_meta_enable_content_width":"","neve_meta_content_width":0,"neve_meta_title_alignment":"","neve_meta_author_avatar":"","neve_post_elements_order":"","neve_meta_disable_header":"","neve_meta_disable_footer":"","neve_meta_disable_title":"","footnotes":""},"categories":[28],"tags":[],"class_list":["post-456","post","type-post","status-publish","format-standard","hentry","category-derechos"],"_links":{"self":[{"href":"https:\/\/junjan.org\/wordpress\/wp-json\/wp\/v2\/posts\/456","targetHints":{"allow":["GET"]}}],"collection":[{"href":"https:\/\/junjan.org\/wordpress\/wp-json\/wp\/v2\/posts"}],"about":[{"href":"https:\/\/junjan.org\/wordpress\/wp-json\/wp\/v2\/types\/post"}],"author":[{"embeddable":true,"href":"https:\/\/junjan.org\/wordpress\/wp-json\/wp\/v2\/users\/1"}],"replies":[{"embeddable":true,"href":"https:\/\/junjan.org\/wordpress\/wp-json\/wp\/v2\/comments?post=456"}],"version-history":[{"count":0,"href":"https:\/\/junjan.org\/wordpress\/wp-json\/wp\/v2\/posts\/456\/revisions"}],"wp:attachment":[{"href":"https:\/\/junjan.org\/wordpress\/wp-json\/wp\/v2\/media?parent=456"}],"wp:term":[{"taxonomy":"category","embeddable":true,"href":"https:\/\/junjan.org\/wordpress\/wp-json\/wp\/v2\/categories?post=456"},{"taxonomy":"post_tag","embeddable":true,"href":"https:\/\/junjan.org\/wordpress\/wp-json\/wp\/v2\/tags?post=456"}],"curies":[{"name":"wp","href":"https:\/\/api.w.org\/{rel}","templated":true}]}}