{"id":457,"date":"2005-03-27T20:30:30","date_gmt":"2005-03-27T20:30:30","guid":{"rendered":"http:\/\/junjan.org\/wordpress\/?p=457"},"modified":"2005-03-27T20:30:30","modified_gmt":"2005-03-27T20:30:30","slug":"comparaciones_y_justificacione","status":"publish","type":"post","link":"https:\/\/junjan.org\/wordpress\/2005\/03\/comparaciones_y_justificacione\/","title":{"rendered":"Comparaciones y justificaciones"},"content":{"rendered":"<p>Tras el asunto de la [\u00abestatua\u00bb:http:\/\/www.junjan.org\/weblog\/archives\/2005\/03\/17\/hip_hip_hurra.html], tanto se sigue hablando de la guerra civil espa\u00f1ola, de Franco y del franquismo, que se est\u00e1 cayendo sistem\u00e1ticamente en un error bastante desagradable. Los apologistas de la comparaci\u00f3n, al relatar los indudables ejemplos de represi\u00f3n que se dieron en los dos bandos durante la guerra y sus a\u00f1os anteriores, lo extienden como por arte de magia a las posteriores y sistem\u00e1ticas represiones de la dictadura franquista, justificando tales atrocidades de una manera m\u00e1s o menos directa.<br \/>\nDesde estas posiciones se tiende a hablar de la Guerra Civil como de un hecho menor en el contexto internacional de la \u00e9poca, y se banaliza (y hasta se comenta con una cierta nostalgia) la dictadura franquista, olvidando conscientemente su magnitud real.<br \/>\nSe comparan acontecimientos puntuales de la guerra con los a\u00f1os de brutal represi\u00f3n de la posguerra. Se hipotetiza lo que habr\u00edan hecho los pol\u00edticos o partidos de izquierda\/nacionalistas de la \u00e9poca en caso de haber ganado, y estas fantasiosas hip\u00f3tesis se ponen en la misma balanza que los crudos hechos de la dictadura, para llegar a insospechadas conclusiones, siempre justificadoras de los hechos del franquismo.<br \/>\nNo se si, como dicen algunos, la intenci\u00f3n del gobierno era precisamente que se le viera el plumero a tanto nost\u00e1lgico y generar la preceptiva divisi\u00f3n en la filas de la derecha m\u00e1s recalcitrante, es posible. Pero que tanta gente j\u00f3ven, supuestamente inteligente, supuestamente moderada, supuestamente liberal, haya entrado en la din\u00e1mica de la justificaci\u00f3n del franquismo me parece incre\u00edble.<br \/>\n<em>Cosas veredes Sancho&#8230;<\/em><\/p>\n","protected":false},"excerpt":{"rendered":"<p>Tras el asunto de la [\u00abestatua\u00bb:http:\/\/www.junjan.org\/weblog\/archives\/2005\/03\/17\/hip_hip_hurra.html], tanto se sigue hablando de la guerra civil espa\u00f1ola, de Franco y del franquismo, que se est\u00e1 cayendo sistem\u00e1ticamente en un error bastante desagradable. Los apologistas de la comparaci\u00f3n, al relatar los indudables ejemplos de represi\u00f3n que se dieron en los dos bandos durante la guerra y sus a\u00f1os&hellip;&nbsp;<a href=\"https:\/\/junjan.org\/wordpress\/2005\/03\/comparaciones_y_justificacione\/\" rel=\"bookmark\">Leer m\u00e1s &raquo;<span class=\"screen-reader-text\">Comparaciones y justificaciones<\/span><\/a><\/p>\n","protected":false},"author":1,"featured_media":0,"comment_status":"open","ping_status":"open","sticky":false,"template":"","format":"standard","meta":{"neve_meta_sidebar":"","neve_meta_container":"","neve_meta_enable_content_width":"","neve_meta_content_width":0,"neve_meta_title_alignment":"","neve_meta_author_avatar":"","neve_post_elements_order":"","neve_meta_disable_header":"","neve_meta_disable_footer":"","neve_meta_disable_title":"","footnotes":""},"categories":[9],"tags":[74],"class_list":["post-457","post","type-post","status-publish","format-standard","hentry","category-opinion","tag-franco-guerra-civil"],"_links":{"self":[{"href":"https:\/\/junjan.org\/wordpress\/wp-json\/wp\/v2\/posts\/457","targetHints":{"allow":["GET"]}}],"collection":[{"href":"https:\/\/junjan.org\/wordpress\/wp-json\/wp\/v2\/posts"}],"about":[{"href":"https:\/\/junjan.org\/wordpress\/wp-json\/wp\/v2\/types\/post"}],"author":[{"embeddable":true,"href":"https:\/\/junjan.org\/wordpress\/wp-json\/wp\/v2\/users\/1"}],"replies":[{"embeddable":true,"href":"https:\/\/junjan.org\/wordpress\/wp-json\/wp\/v2\/comments?post=457"}],"version-history":[{"count":0,"href":"https:\/\/junjan.org\/wordpress\/wp-json\/wp\/v2\/posts\/457\/revisions"}],"wp:attachment":[{"href":"https:\/\/junjan.org\/wordpress\/wp-json\/wp\/v2\/media?parent=457"}],"wp:term":[{"taxonomy":"category","embeddable":true,"href":"https:\/\/junjan.org\/wordpress\/wp-json\/wp\/v2\/categories?post=457"},{"taxonomy":"post_tag","embeddable":true,"href":"https:\/\/junjan.org\/wordpress\/wp-json\/wp\/v2\/tags?post=457"}],"curies":[{"name":"wp","href":"https:\/\/api.w.org\/{rel}","templated":true}]}}