{"id":460,"date":"2005-03-31T17:13:09","date_gmt":"2005-03-31T17:13:09","guid":{"rendered":"http:\/\/junjan.org\/wordpress\/?p=460"},"modified":"2005-03-31T17:13:09","modified_gmt":"2005-03-31T17:13:09","slug":"sotanas_y_alzacuellos","status":"publish","type":"post","link":"https:\/\/junjan.org\/wordpress\/2005\/03\/sotanas_y_alzacuellos\/","title":{"rendered":"Sotanas y alzacuellos"},"content":{"rendered":"<p><img loading=\"lazy\" decoding=\"async\" title=\"Uncle Sam Episcopal\" alt=\"uncle sam episcopal\" src=\"http:\/\/www.junjan.org\/weblog\/images\/uncle-sam_episcopal.jpg\" width=\"200\" height=\"260\" border=\"1\" style=\"float: left; margin: 4px 13px 5px 0px\"\/><br \/>\nEntre la agon\u00eda televisada del Papa y las constantes campa\u00f1as de la conferencia episcopal, los noticiarios y los peri\u00f3dicos son un continuado desfile de sotanas y alzacuellos, una especie de Nodo papal armonizado.<br \/>\nApabullante. Se dedica m\u00e1s tiempo a glosar los esfuerzos \u201csobrehumanos\u201d del Papa y a darle minutos al portavoz de la conferencia episcopal y sus vergonzantes esl\u00f3ganes, que a hablar de noticias verdaderamente importantes. Como por ejemplo que se mueran miles de personas en Indonesia o que gracias a una ley de patentes en la India, es probable que cientos de miles de personas vayan a ser condenadas a una lenta muerte sin medicinas.<br \/>\nDicen en su p\u00e1gina web, \u00ab[\u00abTodos fuimos embriones\u00bb:http:\/\/www.conferenciaepiscopal.es\/iniciativas\/embriones.htm]\u00bb (*): <em>\u00abEl ser humano debe ser respetado y tratado como persona desde el instante de su concepci\u00f3n y, por eso, a partir de ese mismo momento se le deben reconocer los derechos de la persona, principalmente el derecho inviolable de todo ser humano inocente a la vida\u00bb<\/em>. Claro, ahora lo entiendo. Los que hayan usado el cond\u00f3n <strong>ya no son inocentes<\/strong>, y si se mueren de SIDA como perros no importa, que les zurzan.<br \/>\n* &#8211;\u00a1Cuidado! Este sitio web puede ser t\u00f3xico.&#8211;<\/p>\n","protected":false},"excerpt":{"rendered":"<p>Entre la agon\u00eda televisada del Papa y las constantes campa\u00f1as de la conferencia episcopal, los noticiarios y los peri\u00f3dicos son un continuado desfile de sotanas y alzacuellos, una especie de Nodo papal armonizado. Apabullante. Se dedica m\u00e1s tiempo a glosar los esfuerzos \u201csobrehumanos\u201d del Papa y a darle minutos al portavoz de la conferencia episcopal&hellip;&nbsp;<a href=\"https:\/\/junjan.org\/wordpress\/2005\/03\/sotanas_y_alzacuellos\/\" rel=\"bookmark\">Leer m\u00e1s &raquo;<span class=\"screen-reader-text\">Sotanas y alzacuellos<\/span><\/a><\/p>\n","protected":false},"author":1,"featured_media":0,"comment_status":"open","ping_status":"open","sticky":false,"template":"","format":"standard","meta":{"neve_meta_sidebar":"","neve_meta_container":"","neve_meta_enable_content_width":"","neve_meta_content_width":0,"neve_meta_title_alignment":"","neve_meta_author_avatar":"","neve_post_elements_order":"","neve_meta_disable_header":"","neve_meta_disable_footer":"","neve_meta_disable_title":"","footnotes":""},"categories":[5],"tags":[],"class_list":["post-460","post","type-post","status-publish","format-standard","hentry","category-actualidad"],"_links":{"self":[{"href":"https:\/\/junjan.org\/wordpress\/wp-json\/wp\/v2\/posts\/460","targetHints":{"allow":["GET"]}}],"collection":[{"href":"https:\/\/junjan.org\/wordpress\/wp-json\/wp\/v2\/posts"}],"about":[{"href":"https:\/\/junjan.org\/wordpress\/wp-json\/wp\/v2\/types\/post"}],"author":[{"embeddable":true,"href":"https:\/\/junjan.org\/wordpress\/wp-json\/wp\/v2\/users\/1"}],"replies":[{"embeddable":true,"href":"https:\/\/junjan.org\/wordpress\/wp-json\/wp\/v2\/comments?post=460"}],"version-history":[{"count":0,"href":"https:\/\/junjan.org\/wordpress\/wp-json\/wp\/v2\/posts\/460\/revisions"}],"wp:attachment":[{"href":"https:\/\/junjan.org\/wordpress\/wp-json\/wp\/v2\/media?parent=460"}],"wp:term":[{"taxonomy":"category","embeddable":true,"href":"https:\/\/junjan.org\/wordpress\/wp-json\/wp\/v2\/categories?post=460"},{"taxonomy":"post_tag","embeddable":true,"href":"https:\/\/junjan.org\/wordpress\/wp-json\/wp\/v2\/tags?post=460"}],"curies":[{"name":"wp","href":"https:\/\/api.w.org\/{rel}","templated":true}]}}