{"id":462,"date":"2005-04-02T20:42:51","date_gmt":"2005-04-02T20:42:51","guid":{"rendered":"http:\/\/junjan.org\/wordpress\/?p=462"},"modified":"2020-11-27T00:29:43","modified_gmt":"2020-11-26T23:29:43","slug":"agona_y_muerte_online","status":"publish","type":"post","link":"https:\/\/junjan.org\/wordpress\/2005\/04\/agona_y_muerte_online\/","title":{"rendered":"Agon\u00eda y Muerte online"},"content":{"rendered":"\n<p>La agon\u00eda y muerte del Papa se est\u00e1 siguiendo en todos los medios de comunicaci\u00f3n (hasta la saciedad) y adem\u00e1s en muchos weblogs:<br>&#8211; <a rel=\"noreferrer noopener\" href=\"http:\/\/www.escolar.net\/MT\/archives\/2005\/04\/las_ultimas_hor_1.html\" target=\"_blank\">Las \u00faltimas horas de Juan Pablo II<\/a> en Escolar.net<br>&#8211; <a rel=\"noreferrer noopener\" href=\"http:\/\/ugarte63.blogspot.com\/2005\/04\/mirando-roma-christiane-amanpour-la.html\" target=\"_blank\">Mirando a Roma<\/a> en Guerra Eterna en Oriente Medio<br>&#8211; <a rel=\"noreferrer noopener\" href=\"http:\/\/juan-pablo-2.blogspot.com\/\" target=\"_blank\">Juan Pablo 2<\/a>, blog ad hoc para la retransmisi\u00f3n del acontecimiento.<br>&#8211; <a rel=\"noreferrer noopener\" href=\"http:\/\/criterio.e-dazibao.com\/\" target=\"_blank\">Criterio<\/a> est\u00e1 con el tema en monogr\u00e1fico.<br><a rel=\"noreferrer noopener\" href=\"http:\/\/www.libertaddigital.com\/bitacora\/articulo.php?id=491\" target=\"_blank\">Las personas de bien<\/a> dicen estar con \u00e9l en estos momentos, dicen otros que <a rel=\"noreferrer noopener\" href=\"http:\/\/www.abc.es\/abc\/pg050402\/prensa\/noticias\/Sociedad\/Religion\/200504\/02\/NAC-SOC-067.asp\" target=\"_blank\">ya ve y toca a Dios<\/a>&#8230; Que confianzas&#8230;<br><strong>\u00abIt&#8217;s show time, folks.\u00bb<\/strong> A la pe\u00f1a ya se le empieza a ir la pinza con el asunto. Se pueden leer cosas como <a rel=\"noreferrer noopener\" href=\"http:\/\/www.libertaddigital.es\/opiniones\/opi_desa_24108.html\" target=\"_blank\">\u00e9sta<\/a>:<\/p>\n\n\n\n<blockquote class=\"wp-block-ugb-blockquote ugb-blockquote ugb-2c89b04 ugb-blockquote--v3 ugb-blockquote--design-plain ugb-main-block\"><style>.ugb-2c89b04 .ugb-blockquote__quote{width:70px !important;height:70px !important}<\/style><div class=\"ugb-inner-block\"><div class=\"ugb-block-content\"><div class=\"ugb-blockquote__item\"><svg viewbox=\"0 0 50 50\" xmlns=\"http:\/\/www.w3.org\/2000\/svg\" class=\"ugb-blockquote__quote\" width=\"70\" height=\"70\"><path d=\"M19.8 9.3C10.5 11.8 4.6 17 2.1 24.8c2.3-3.6 5.6-5.4 9.9-5.4 3.3 0 6 1.1 8.3 3.3 2.2 2.2 3.4 5 3.4 8.3 0 3.2-1.1 5.8-3.3 8-2.2 2.2-5.1 3.2-8.7 3.2-3.7 0-6.5-1.2-8.6-3.5C1 36.3 0 33.1 0 29 0 18.3 6.5 11.2 19.6 7.9l.2 1.4zm26.4 0C36.9 11.9 31 17 28.5 24.8c2.2-3.6 5.5-5.4 9.8-5.4 3.2 0 6 1.1 8.3 3.2 2.3 2.2 3.4 4.9 3.4 8.3 0 3.1-1.1 5.8-3.3 7.9-2.2 2.2-5.1 3.3-8.6 3.3-3.7 0-6.6-1.1-8.6-3.4-2.1-2.3-3.1-5.5-3.1-9.7 0-10.7 6.6-17.8 19.7-21.1l.1 1.4z\"><\/path><\/svg><div class=\"ugb-blockquote__content\"><p class=\"ugb-blockquote__text\">El hombre que derribaba los muros hab\u00eda sumado a su mirada de anciano la profundidad abismal del dolor y de la inteligencia \u2013que acaso es la misma\u2013 y la altura solitaria del mensaje de la salvaci\u00f3n. En sus ojos se hab\u00edan reunido en los \u00faltimos a\u00f1os el poeta, el dramaturgo, el ensayista, el perseguido, el viajero, el testigo, el enfermo, el escogido.<\/p><\/div><\/div><\/div><\/div><\/blockquote>\n\n\n\n<p>Qu\u00e9 fuerte tu.<br><strong>Actualizaci\u00f3n<\/strong><br>22:00 Se ha muerto el Papa. \u00bfViva el nuevo Papa?<br>Comienza el monogr\u00e1fico papal en todos los medios.<\/p>\n","protected":false},"excerpt":{"rendered":"<p>La agon\u00eda y muerte del Papa se est\u00e1 siguiendo en todos los medios de comunicaci\u00f3n (hasta la saciedad) y adem\u00e1s en muchos weblogs:&#8211; Las \u00faltimas horas de Juan Pablo II en Escolar.net&#8211; Mirando a Roma en Guerra Eterna en Oriente Medio&#8211; Juan Pablo 2, blog ad hoc para la retransmisi\u00f3n del acontecimiento.&#8211; Criterio est\u00e1 con&hellip;&nbsp;<a href=\"https:\/\/junjan.org\/wordpress\/2005\/04\/agona_y_muerte_online\/\" rel=\"bookmark\">Leer m\u00e1s &raquo;<span class=\"screen-reader-text\">Agon\u00eda y Muerte online<\/span><\/a><\/p>\n","protected":false},"author":1,"featured_media":0,"comment_status":"open","ping_status":"open","sticky":false,"template":"","format":"standard","meta":{"neve_meta_sidebar":"","neve_meta_container":"","neve_meta_enable_content_width":"","neve_meta_content_width":0,"neve_meta_title_alignment":"","neve_meta_author_avatar":"","neve_post_elements_order":"","neve_meta_disable_header":"","neve_meta_disable_footer":"","neve_meta_disable_title":"","footnotes":""},"categories":[5],"tags":[984,985,808],"class_list":["post-462","post","type-post","status-publish","format-standard","hentry","category-actualidad","tag-juan-pablo-2","tag-meapilas","tag-papa"],"_links":{"self":[{"href":"https:\/\/junjan.org\/wordpress\/wp-json\/wp\/v2\/posts\/462","targetHints":{"allow":["GET"]}}],"collection":[{"href":"https:\/\/junjan.org\/wordpress\/wp-json\/wp\/v2\/posts"}],"about":[{"href":"https:\/\/junjan.org\/wordpress\/wp-json\/wp\/v2\/types\/post"}],"author":[{"embeddable":true,"href":"https:\/\/junjan.org\/wordpress\/wp-json\/wp\/v2\/users\/1"}],"replies":[{"embeddable":true,"href":"https:\/\/junjan.org\/wordpress\/wp-json\/wp\/v2\/comments?post=462"}],"version-history":[{"count":1,"href":"https:\/\/junjan.org\/wordpress\/wp-json\/wp\/v2\/posts\/462\/revisions"}],"predecessor-version":[{"id":2662,"href":"https:\/\/junjan.org\/wordpress\/wp-json\/wp\/v2\/posts\/462\/revisions\/2662"}],"wp:attachment":[{"href":"https:\/\/junjan.org\/wordpress\/wp-json\/wp\/v2\/media?parent=462"}],"wp:term":[{"taxonomy":"category","embeddable":true,"href":"https:\/\/junjan.org\/wordpress\/wp-json\/wp\/v2\/categories?post=462"},{"taxonomy":"post_tag","embeddable":true,"href":"https:\/\/junjan.org\/wordpress\/wp-json\/wp\/v2\/tags?post=462"}],"curies":[{"name":"wp","href":"https:\/\/api.w.org\/{rel}","templated":true}]}}