{"id":467,"date":"2005-04-08T23:13:47","date_gmt":"2005-04-08T23:13:47","guid":{"rendered":"http:\/\/junjan.org\/wordpress\/?p=467"},"modified":"2005-04-08T23:13:47","modified_gmt":"2005-04-08T23:13:47","slug":"somos_delincuentes","status":"publish","type":"post","link":"https:\/\/junjan.org\/wordpress\/2005\/04\/somos_delincuentes\/","title":{"rendered":"Somos delincuentes"},"content":{"rendered":"<p>El gobierno acaba de decidir que somos [\u00abdelincuentes\u00bb:http:\/\/www.internautas.org\/html\/1\/2844.html].<\/p>\n<blockquote><p>\n<strong>Pedro Tur<\/strong> (Asociaci\u00f3n de Internautas)<br \/>\nSi las filtraciones habidas acerca de las cinco medidas del denominado Plan Antipirater\u00eda son ciertas, a partir de ma\u00f1ana los internautas podremos llegar a ser carne de mazmorra por ejercitar leg\u00edtimos derechos como es el tan tra\u00eddo y llevado intercambio de ficheros sobre el que representantes cualificados de las entidades de gesti\u00f3n de derechos de autor siguen empe\u00f1ados en criminalizar de forma generalizada, salvo cuando se encuentra en sus manos o a trav\u00e9s de sociedades interpuestas, paralelas, participadas\u2026; tesis que la Ministra de Cultura ha debido acoger con evidente agrado porque a nosotros no nos ha consultado al respecto.<br \/>\nUna de las medidas anunciadas, varias veces filtrada, es una vieja ansia de las gentes de orden de toda la vida contra los disidentes: m\u00e1s polic\u00eda, m\u00e1s represi\u00f3n, unida a \u201cla concienciaci\u00f3n\u201d que muchos podemos considerar \u201clavado de cerebro\u201d. Si los defensores de tales medidas abrigan la esperanza de que incrementando la presencia policial, lanzando adem\u00e1s anatemas contra Internet-aburridos-pederastas y el intercambio de ficheros, y que todo ello har\u00e1 que cesen las actividades que s\u00ed son de verdad ilegales, andan muy errados. No tienen sino que mirar a los Estados Unidos (pa\u00eds en el que no existe copia privada ni compensaci\u00f3n equitativa o canon alguno), pa\u00eds tan querido en materia de \u201cguerra sin cuartel contra la pirater\u00eda\u201d por los prebostes nacionales de la materia, para comprobar que ni siquiera intentando sentar en el banquillo de los acusados a ni\u00f1os y ancianos han conseguido detener lo que all\u00ed no es legal, pero que aqu\u00ed s\u00ed lo es, mientras el Parlamento no diga lo contrario.<br \/>\nNo s\u00f3lo yerra esa medida del Plan. Nos encontramos con una serie de medidas unidas bajo la pomposa denominaci\u00f3n de \u201cPlan Integral para la Disminuci\u00f3n y la Eliminaci\u00f3n de las Actividades Vulneradoras de la Propiedad Intelectual\u201d que pretenden, nada menos, que \u201cconcienciar\u201d a los ciudadanos, jueces, fiscales y polic\u00edas, pero sin contar con todos nosotros. Es la vuelta al despotismo ilustrado: todo para el pueblo, por el pueblo, pero sin el pueblo.<br \/>\nPara comenzar, ya saben que tienen enfrente a quienes ni siquiera han sido consultados: los consumidores y usuarios, los que defienden modelos alternativos de derechos de autor, quienes siguen pensando que el derecho penal debe seguir rigi\u00e9ndose por el principio de m\u00ednima intervenci\u00f3n porque sigue sin ser el remedio para todos los males, quienes defienden otros modelos de negocio musical y audiovisual en Internet, etc\u00e9tera, etc\u00e9tera; demasiada gente como para ser ignorada y, sobre todo, demasiada gente para ser reprimida, fundamentalmente cuando, adem\u00e1s, se nos est\u00e1 esquilmando con un canon por nada y se nos pretende esquilmar con otros c\u00e1nones por nada, mientras tenemos que soportar, adem\u00e1s, que se nos insulte llam\u00e1ndonos ladrones mientras vemos c\u00f3mo se pretenden organizar batidas policiales con mensajes de concienciaci\u00f3n al m\u00e1s puro estilo nazi y sovi\u00e9tico contra los disidentes, los que osamos discrepar.<br \/>\nPara quienes siempre hemos sido respetuosos con la legalidad y hemos acudido a las mesas de negociaci\u00f3n y de debate a las que hemos sido invitados, atentados como el que parece quiere perpetrarse criminalizando definitivamente lo que no es delito (el intercambio de ficheros) y asociando -de nuevo- Internet a nido de delitos y de todo tipo de males, no permitir\u00e1n que luego acudamos como siervos de esta nueva gleba a la que se quiere dar carta de naturaleza a ninguna comisi\u00f3n que analice el resultado de la represi\u00f3n-lavado de cerebro social que rechazamos y frente a la que nos van a encontrar, informando y luchando con los medios de que podamos disponer en un Estado de Derecho que no nos resignamos a perder, ni siquiera en favor de quienes quieren llevarnos al mejor de sus mundos, pero que para nosotros, si se confirman los peores vaticinios y flitraciones, es lo m\u00e1s parecido a un Gulag, adem\u00e1s de pago y en contra de nuestra voluntad.\n<\/p><\/blockquote>\n<p>\u00bfVa a venir la polic\u00eda a mi casa para ver qu\u00e9 contenidos intercambio en la red?<br \/>\n\u00bfSi?<br \/>\n\u00a1Qu\u00e9 Miedo!<\/p>\n","protected":false},"excerpt":{"rendered":"<p>El gobierno acaba de decidir que somos [\u00abdelincuentes\u00bb:http:\/\/www.internautas.org\/html\/1\/2844.html]. Pedro Tur (Asociaci\u00f3n de Internautas) Si las filtraciones habidas acerca de las cinco medidas del denominado Plan Antipirater\u00eda son ciertas, a partir de ma\u00f1ana los internautas podremos llegar a ser carne de mazmorra por ejercitar leg\u00edtimos derechos como es el tan tra\u00eddo y llevado intercambio de ficheros&hellip;&nbsp;<a href=\"https:\/\/junjan.org\/wordpress\/2005\/04\/somos_delincuentes\/\" rel=\"bookmark\">Leer m\u00e1s &raquo;<span class=\"screen-reader-text\">Somos delincuentes<\/span><\/a><\/p>\n","protected":false},"author":1,"featured_media":0,"comment_status":"open","ping_status":"open","sticky":false,"template":"","format":"standard","meta":{"neve_meta_sidebar":"","neve_meta_container":"","neve_meta_enable_content_width":"","neve_meta_content_width":0,"neve_meta_title_alignment":"","neve_meta_author_avatar":"","neve_post_elements_order":"","neve_meta_disable_header":"","neve_meta_disable_footer":"","neve_meta_disable_title":"","footnotes":""},"categories":[5],"tags":[],"class_list":["post-467","post","type-post","status-publish","format-standard","hentry","category-actualidad"],"_links":{"self":[{"href":"https:\/\/junjan.org\/wordpress\/wp-json\/wp\/v2\/posts\/467","targetHints":{"allow":["GET"]}}],"collection":[{"href":"https:\/\/junjan.org\/wordpress\/wp-json\/wp\/v2\/posts"}],"about":[{"href":"https:\/\/junjan.org\/wordpress\/wp-json\/wp\/v2\/types\/post"}],"author":[{"embeddable":true,"href":"https:\/\/junjan.org\/wordpress\/wp-json\/wp\/v2\/users\/1"}],"replies":[{"embeddable":true,"href":"https:\/\/junjan.org\/wordpress\/wp-json\/wp\/v2\/comments?post=467"}],"version-history":[{"count":0,"href":"https:\/\/junjan.org\/wordpress\/wp-json\/wp\/v2\/posts\/467\/revisions"}],"wp:attachment":[{"href":"https:\/\/junjan.org\/wordpress\/wp-json\/wp\/v2\/media?parent=467"}],"wp:term":[{"taxonomy":"category","embeddable":true,"href":"https:\/\/junjan.org\/wordpress\/wp-json\/wp\/v2\/categories?post=467"},{"taxonomy":"post_tag","embeddable":true,"href":"https:\/\/junjan.org\/wordpress\/wp-json\/wp\/v2\/tags?post=467"}],"curies":[{"name":"wp","href":"https:\/\/api.w.org\/{rel}","templated":true}]}}