{"id":468,"date":"2005-04-11T17:37:33","date_gmt":"2005-04-11T17:37:33","guid":{"rendered":"http:\/\/junjan.org\/wordpress\/?p=468"},"modified":"2005-04-11T17:37:33","modified_gmt":"2005-04-11T17:37:33","slug":"seguridad_democrtica","status":"publish","type":"post","link":"https:\/\/junjan.org\/wordpress\/2005\/04\/seguridad_democrtica\/","title":{"rendered":"\u00bfSeguridad democr\u00e1tica?"},"content":{"rendered":"<p>Carta Abierta de la Federaci\u00f3n Internacional de Derechos Humanos, ([\u00abFIDH\u00bb:http:\/\/www.fidh.org\/rubrique.php3?id_rubrique=3]) a Jos\u00e9 Lu\u00eds Rodr\u00edguez Zapatero<\/p>\n<blockquote><p>Estimado Sr. Presidente del Gobierno,<br \/>\nLa Federaci\u00f3n Internacional de Derechos Humanos, FIDH, desea expresar su honda preocupaci\u00f3n con ocasi\u00f3n de su viaje oficial realizado a la Rep\u00fablica de Colombia. Durante este viaje, la FIDH lamenta profundamente sus declaraciones expl\u00edcitas de apoyo a la pol\u00edtica de \u00ab Seguridad Democr\u00e1tica \u00bb del Presidente Uribe as\u00ed como la ausencia de cr\u00edticas frente al proceso de amnist\u00eda de los paramilitares, que vienen a infravalorar  la realidad sistem\u00e1tica de violaci\u00f3n de los derechos humanos y del derecho humanitario de la que son  v\u00edctimas amplios sectores de la poblaci\u00f3n colombiana. Las recientes matanzas en la Comunidad de Paz de San Jos\u00e9 de Apartad\u00f3, incluyendo a mujeres y ni\u00f1os  y, el asesinato de varios dirigentes agrarios en Sumapaz,  no son sino fiel reflejo de la realidad que sufre Colombia en la actualidad.<br \/>\nLa FIDH apoya decididamente los esfuerzos que conlleven a la paz y el cese de la violencia en Colombia. Es preciso sin embargo se\u00f1alar que, el denominado proceso de desmovilizaci\u00f3n de los paramilitares en Colombia emprendido por el gobierno del Presidente Uribe sin una base jur\u00eddica firme, no hace sino esconder una puerta abierta a la impunidad, cerca de dos mil asesinatos han sido cometidos por estos grupos contra miembros de la poblaci\u00f3n civil, desde que el Presidente Uribe inici\u00f3 di\u00e1logos con ellos, pese a que el presupuesto previo de cualquier negociaci\u00f3n era el \u00ab cese unilateral de hostilidades \u00bb.<br \/>\nLa FIDH recalca as\u00ed la necesidad de que un proceso como tal se realice bajo un plan global de paz para Colombia. Este proceso debe garantizar una desmovilizaci\u00f3n efectiva de los grupos armados que operan en el pa\u00eds en el respeto de los principios de jusitica, verdad y reparaci\u00f3n, as\u00ed como la necesaria devoluci\u00f3n de las tierras ilegalmente adquiridas por parte de los grupos armados. La FIDH estima, Sr, Presidente, que el Gobierno espa\u00f1ol, comprometido en su pol\u00edtica en la defensa y promoci\u00f3n de los derechos humanos deber\u00eda as\u00ed prestar una atenci\u00f3n especial a la situaci\u00f3n colombiana y dirigir su acci\u00f3n exterior en la regi\u00f3n a trabajar como un actor de paz comprometido con la defensa de los derechos humanos.<br \/>\nEn este contexto, Sr. Presidente, es preciso recalcar la grav\u00edsima situaci\u00f3n a la que hacen frente los defensores de derechos humanos en Colombia, en un entorno de extrema hostilidad y coerci\u00f3n a su acci\u00f3n, y en la que las declaraciones y acciones del Presidente Uribe sit\u00faan a dichos defensores como blanco privilegiado de la violencia en Colombia. Es por ello, Sr. Presidente, que la FIDH lamenta que en su \u00faltimo viaje no se haya expresado con mayor rigor en la defensa de los derechos humanos y haya apoyado sin fisuras la pol\u00edtica del Presidente Uribe que viene a quebrar la acci\u00f3n y esfuerzo de los defensores de los derechos humanos en Colombia.<br \/>\nEsperando as\u00ed, Sr. Presidente que su reconocido compromiso con los derechos humanos se haga extensivo a la situaci\u00f3n en Colombia, aprovecha para expresarle mi m\u00e1s alta consideraci\u00f3,<br \/>\nSidiki KABA<br \/>\nPresidente de la FIDH<\/p><\/blockquote>\n","protected":false},"excerpt":{"rendered":"<p>Carta Abierta de la Federaci\u00f3n Internacional de Derechos Humanos, ([\u00abFIDH\u00bb:http:\/\/www.fidh.org\/rubrique.php3?id_rubrique=3]) a Jos\u00e9 Lu\u00eds Rodr\u00edguez Zapatero Estimado Sr. Presidente del Gobierno, La Federaci\u00f3n Internacional de Derechos Humanos, FIDH, desea expresar su honda preocupaci\u00f3n con ocasi\u00f3n de su viaje oficial realizado a la Rep\u00fablica de Colombia. Durante este viaje, la FIDH lamenta profundamente sus declaraciones expl\u00edcitas de&hellip;&nbsp;<a href=\"https:\/\/junjan.org\/wordpress\/2005\/04\/seguridad_democrtica\/\" rel=\"bookmark\">Leer m\u00e1s &raquo;<span class=\"screen-reader-text\">\u00bfSeguridad democr\u00e1tica?<\/span><\/a><\/p>\n","protected":false},"author":1,"featured_media":0,"comment_status":"open","ping_status":"open","sticky":false,"template":"","format":"standard","meta":{"neve_meta_sidebar":"","neve_meta_container":"","neve_meta_enable_content_width":"","neve_meta_content_width":0,"neve_meta_title_alignment":"","neve_meta_author_avatar":"","neve_post_elements_order":"","neve_meta_disable_header":"","neve_meta_disable_footer":"","neve_meta_disable_title":"","footnotes":""},"categories":[5],"tags":[75],"class_list":["post-468","post","type-post","status-publish","format-standard","hentry","category-actualidad","tag-fidh-colombia-derechos-paramilitares"],"_links":{"self":[{"href":"https:\/\/junjan.org\/wordpress\/wp-json\/wp\/v2\/posts\/468","targetHints":{"allow":["GET"]}}],"collection":[{"href":"https:\/\/junjan.org\/wordpress\/wp-json\/wp\/v2\/posts"}],"about":[{"href":"https:\/\/junjan.org\/wordpress\/wp-json\/wp\/v2\/types\/post"}],"author":[{"embeddable":true,"href":"https:\/\/junjan.org\/wordpress\/wp-json\/wp\/v2\/users\/1"}],"replies":[{"embeddable":true,"href":"https:\/\/junjan.org\/wordpress\/wp-json\/wp\/v2\/comments?post=468"}],"version-history":[{"count":0,"href":"https:\/\/junjan.org\/wordpress\/wp-json\/wp\/v2\/posts\/468\/revisions"}],"wp:attachment":[{"href":"https:\/\/junjan.org\/wordpress\/wp-json\/wp\/v2\/media?parent=468"}],"wp:term":[{"taxonomy":"category","embeddable":true,"href":"https:\/\/junjan.org\/wordpress\/wp-json\/wp\/v2\/categories?post=468"},{"taxonomy":"post_tag","embeddable":true,"href":"https:\/\/junjan.org\/wordpress\/wp-json\/wp\/v2\/tags?post=468"}],"curies":[{"name":"wp","href":"https:\/\/api.w.org\/{rel}","templated":true}]}}