{"id":469,"date":"2005-04-11T17:48:53","date_gmt":"2005-04-11T17:48:53","guid":{"rendered":"http:\/\/junjan.org\/wordpress\/?p=469"},"modified":"2005-04-11T17:48:53","modified_gmt":"2005-04-11T17:48:53","slug":"ruido","status":"publish","type":"post","link":"https:\/\/junjan.org\/wordpress\/2005\/04\/ruido\/","title":{"rendered":"Ruido"},"content":{"rendered":"<p>David Bravo, magn\u00edfico como siempre, nos explica el Plan antipirater\u00eda del gobierno. Recomiendo su lectura.<\/p>\n<blockquote><p>\n\u00abAlguien vol\u00f3 sobre el nido del cuco\u00bb:http:\/\/www.filmica.com\/david_bravo\/archivos\/001398.html<br \/>\nMucho ruido y pocas nueces. As\u00ed podr\u00eda resumirse el Plan Antipirater\u00eda anunciado a bombo y platillo. Aunque el Plan dice \u00abno querer ser un mera declaraci\u00f3n de intenciones\u00bb, es justo lo que es. Las cosas son lo que son y no lo que quieren ser.<br \/>\n(&#8230;)<br \/>\nSe centra fundamentalmente en el Top Manta y se moja entre poco y nada en lo que se refiere a Internet, y, cuando lo hace, no se sabe a qu\u00e9 conductas se refiere. Es cierto que habla de actividades \u00abilegales\u00bb o de copia masiva fuera de los l\u00edmites legales, pero no sabes a qu\u00e9 ilegalidades se est\u00e1 refiriendo ni en qu\u00e9 leyes se est\u00e1 basando para calificarlas as\u00ed.<br \/>\n(&#8230;)<br \/>\nY aqu\u00ed viene la parte que m\u00e1s me enfada y preocupa: la sensibilizaci\u00f3n social.<br \/>\nLa televisi\u00f3n p\u00fablica ser\u00e1 la encargada de \u00abeducarte\u00bb. La campa\u00f1a de educaci\u00f3n, que es como se prefiere llamar al adoctrinamiento, se realizar\u00e1 desde todos los medios que tengan al alcance. La conciencia de la sociedad est\u00e1 equivocada, y hay que reestructurarla mediante un mejor criterio rector. Los ciudadanos, hijos descarriados del gobierno, recibir\u00e1n la instrucci\u00f3n que necesitan a trav\u00e9s de la televisi\u00f3n p\u00fablica que debe hacer lo posible por extirpar esas ideas an\u00f3malas y generalizadas que nos hacen pensar que tenemos derechos y algo que decir&#8230;\n<\/p><\/blockquote>\n<p>Coincido con el an\u00e1lisis de David (leedlo entero, merece la pena) en que lo m\u00e1s preocupante son las intenciones de \u00absensibilizaci\u00f3n social\u00bb. Pero discrepo, no creo que les sirva para nada. Han vuelto a demostrar su monumental ignorancia sobre la Red y sus habitantes.<br \/>\nAunque el gobierno intente reeducarnos no puede llegar hasta nosotros. Nosotros hemos dado el salto. No vamos a sus clases, no podemos recibir sus \u00ablecciones\u00bb.<br \/>\nNos van a intentar reeducar con los medios de comunicaci\u00f3n que controlan, medios que <strong>nosotros no usamos<\/strong>. Mucho ruido, pero no lo vamos a oir.<\/p>\n","protected":false},"excerpt":{"rendered":"<p>David Bravo, magn\u00edfico como siempre, nos explica el Plan antipirater\u00eda del gobierno. Recomiendo su lectura. \u00abAlguien vol\u00f3 sobre el nido del cuco\u00bb:http:\/\/www.filmica.com\/david_bravo\/archivos\/001398.html Mucho ruido y pocas nueces. As\u00ed podr\u00eda resumirse el Plan Antipirater\u00eda anunciado a bombo y platillo. Aunque el Plan dice \u00abno querer ser un mera declaraci\u00f3n de intenciones\u00bb, es justo lo que es.&hellip;&nbsp;<a href=\"https:\/\/junjan.org\/wordpress\/2005\/04\/ruido\/\" rel=\"bookmark\">Leer m\u00e1s &raquo;<span class=\"screen-reader-text\">Ruido<\/span><\/a><\/p>\n","protected":false},"author":1,"featured_media":0,"comment_status":"open","ping_status":"open","sticky":false,"template":"","format":"standard","meta":{"neve_meta_sidebar":"","neve_meta_container":"","neve_meta_enable_content_width":"","neve_meta_content_width":0,"neve_meta_title_alignment":"","neve_meta_author_avatar":"","neve_post_elements_order":"","neve_meta_disable_header":"","neve_meta_disable_footer":"","neve_meta_disable_title":"","footnotes":""},"categories":[5],"tags":[],"class_list":["post-469","post","type-post","status-publish","format-standard","hentry","category-actualidad"],"_links":{"self":[{"href":"https:\/\/junjan.org\/wordpress\/wp-json\/wp\/v2\/posts\/469","targetHints":{"allow":["GET"]}}],"collection":[{"href":"https:\/\/junjan.org\/wordpress\/wp-json\/wp\/v2\/posts"}],"about":[{"href":"https:\/\/junjan.org\/wordpress\/wp-json\/wp\/v2\/types\/post"}],"author":[{"embeddable":true,"href":"https:\/\/junjan.org\/wordpress\/wp-json\/wp\/v2\/users\/1"}],"replies":[{"embeddable":true,"href":"https:\/\/junjan.org\/wordpress\/wp-json\/wp\/v2\/comments?post=469"}],"version-history":[{"count":0,"href":"https:\/\/junjan.org\/wordpress\/wp-json\/wp\/v2\/posts\/469\/revisions"}],"wp:attachment":[{"href":"https:\/\/junjan.org\/wordpress\/wp-json\/wp\/v2\/media?parent=469"}],"wp:term":[{"taxonomy":"category","embeddable":true,"href":"https:\/\/junjan.org\/wordpress\/wp-json\/wp\/v2\/categories?post=469"},{"taxonomy":"post_tag","embeddable":true,"href":"https:\/\/junjan.org\/wordpress\/wp-json\/wp\/v2\/tags?post=469"}],"curies":[{"name":"wp","href":"https:\/\/api.w.org\/{rel}","templated":true}]}}