{"id":471,"date":"2005-04-14T01:20:55","date_gmt":"2005-04-14T01:20:55","guid":{"rendered":"http:\/\/junjan.org\/wordpress\/?p=471"},"modified":"2005-04-14T01:20:55","modified_gmt":"2005-04-14T01:20:55","slug":"inspiraciones","status":"publish","type":"post","link":"https:\/\/junjan.org\/wordpress\/2005\/04\/inspiraciones\/","title":{"rendered":"Inspiraciones"},"content":{"rendered":"<p>La \u00abPaposis aguda\u00bb en la que estamos enfangados no amaina. Escucho anonadado en el telediario de \u00abla primera\u00bb que los cardenales elegir\u00e1n el nuevo Papa en la capilla Sixtina <em>\u00abbajo los frescos de Miguel Angel y con la inspiraci\u00f3n del esp\u00edritu santo\u00bb<\/em>.<br \/>\nYa que dan por buenos todo tipo de \u00abentes\u00bb imaginarios, creo que deber\u00edan hacer la danza de la lluvia durante el parte meteorol\u00f3gico. Por lo menos ser\u00eda divertido.<\/p>\n","protected":false},"excerpt":{"rendered":"<p>La \u00abPaposis aguda\u00bb en la que estamos enfangados no amaina. Escucho anonadado en el telediario de \u00abla primera\u00bb que los cardenales elegir\u00e1n el nuevo Papa en la capilla Sixtina \u00abbajo los frescos de Miguel Angel y con la inspiraci\u00f3n del esp\u00edritu santo\u00bb. Ya que dan por buenos todo tipo de \u00abentes\u00bb imaginarios, creo que deber\u00edan&hellip;&nbsp;<a href=\"https:\/\/junjan.org\/wordpress\/2005\/04\/inspiraciones\/\" rel=\"bookmark\">Leer m\u00e1s &raquo;<span class=\"screen-reader-text\">Inspiraciones<\/span><\/a><\/p>\n","protected":false},"author":1,"featured_media":0,"comment_status":"open","ping_status":"open","sticky":false,"template":"","format":"standard","meta":{"neve_meta_sidebar":"","neve_meta_container":"","neve_meta_enable_content_width":"","neve_meta_content_width":0,"neve_meta_title_alignment":"","neve_meta_author_avatar":"","neve_post_elements_order":"","neve_meta_disable_header":"","neve_meta_disable_footer":"","neve_meta_disable_title":"","footnotes":""},"categories":[5],"tags":[],"class_list":["post-471","post","type-post","status-publish","format-standard","hentry","category-actualidad"],"_links":{"self":[{"href":"https:\/\/junjan.org\/wordpress\/wp-json\/wp\/v2\/posts\/471","targetHints":{"allow":["GET"]}}],"collection":[{"href":"https:\/\/junjan.org\/wordpress\/wp-json\/wp\/v2\/posts"}],"about":[{"href":"https:\/\/junjan.org\/wordpress\/wp-json\/wp\/v2\/types\/post"}],"author":[{"embeddable":true,"href":"https:\/\/junjan.org\/wordpress\/wp-json\/wp\/v2\/users\/1"}],"replies":[{"embeddable":true,"href":"https:\/\/junjan.org\/wordpress\/wp-json\/wp\/v2\/comments?post=471"}],"version-history":[{"count":0,"href":"https:\/\/junjan.org\/wordpress\/wp-json\/wp\/v2\/posts\/471\/revisions"}],"wp:attachment":[{"href":"https:\/\/junjan.org\/wordpress\/wp-json\/wp\/v2\/media?parent=471"}],"wp:term":[{"taxonomy":"category","embeddable":true,"href":"https:\/\/junjan.org\/wordpress\/wp-json\/wp\/v2\/categories?post=471"},{"taxonomy":"post_tag","embeddable":true,"href":"https:\/\/junjan.org\/wordpress\/wp-json\/wp\/v2\/tags?post=471"}],"curies":[{"name":"wp","href":"https:\/\/api.w.org\/{rel}","templated":true}]}}