{"id":480,"date":"2005-04-23T01:22:57","date_gmt":"2005-04-23T01:22:57","guid":{"rendered":"http:\/\/junjan.org\/wordpress\/?p=480"},"modified":"2005-04-23T01:22:57","modified_gmt":"2005-04-23T01:22:57","slug":"entrometidos","status":"publish","type":"post","link":"https:\/\/junjan.org\/wordpress\/2005\/04\/entrometidos\/","title":{"rendered":"Entrometidos"},"content":{"rendered":"<p>Y despu\u00e9s dicen que no se inmiscuyen&#8230;<br \/>\nDice el cardenal colombiano Trujillo:<\/p>\n<blockquote><p>\n&#8211;En refencia al matrimonio homosexual&#8211;<br \/>\n\u00abNo se puede imponer cosas inicuas a los pueblos. La Iglesia hace un llamamiento con urgencia a la libertad de conciencia y al deber de oponerse.\u00bb<br \/>\n&#8211;En referencia a los funcionarios&#8211;<br \/>\n\u00abHablo de todos los profesionales que tienen que aplicarla: la misma objeci\u00f3n de conciencia que se pide a los m\u00e9dicos y a los enfermeros contra un crimen como el aborto. No es facultativo. Todos los cristianos, como dice el \u201cEvangelium Vital\u201d, tienen que estar preparados incluso a pagar el precio m\u00e1s alto, quiz\u00e1 hasta la perdida del trabajo.\u00bb\n<\/p><\/blockquote>\n<p>Mira que tendr\u00eda muchas cositas de las que preocuparse en su pa\u00eds&#8230; Yo le aconsejar\u00eda que se metiera en sus asuntos o hablando en plata que se fuera a freir esp\u00e1rragos o arepas, lo que m\u00e1s le guste.<br \/>\n\u00bfQui\u00e9n co\u00f1o son ellos para meterse en la pol\u00edtica de otros estados?<br \/>\nNuestro gobierno, siguiendo con esa corriente de meapilismo desbocado en la que se ha instalado desde la muerte del Papa, no hace nada al respecto. Ni una protestita, nada.<\/p>\n","protected":false},"excerpt":{"rendered":"<p>Y despu\u00e9s dicen que no se inmiscuyen&#8230; Dice el cardenal colombiano Trujillo: &#8211;En refencia al matrimonio homosexual&#8211; \u00abNo se puede imponer cosas inicuas a los pueblos. La Iglesia hace un llamamiento con urgencia a la libertad de conciencia y al deber de oponerse.\u00bb &#8211;En referencia a los funcionarios&#8211; \u00abHablo de todos los profesionales que tienen&hellip;&nbsp;<a href=\"https:\/\/junjan.org\/wordpress\/2005\/04\/entrometidos\/\" rel=\"bookmark\">Leer m\u00e1s &raquo;<span class=\"screen-reader-text\">Entrometidos<\/span><\/a><\/p>\n","protected":false},"author":1,"featured_media":0,"comment_status":"open","ping_status":"open","sticky":false,"template":"","format":"standard","meta":{"neve_meta_sidebar":"","neve_meta_container":"","neve_meta_enable_content_width":"","neve_meta_content_width":0,"neve_meta_title_alignment":"","neve_meta_author_avatar":"","neve_post_elements_order":"","neve_meta_disable_header":"","neve_meta_disable_footer":"","neve_meta_disable_title":"","footnotes":""},"categories":[9],"tags":[],"class_list":["post-480","post","type-post","status-publish","format-standard","hentry","category-opinion"],"_links":{"self":[{"href":"https:\/\/junjan.org\/wordpress\/wp-json\/wp\/v2\/posts\/480","targetHints":{"allow":["GET"]}}],"collection":[{"href":"https:\/\/junjan.org\/wordpress\/wp-json\/wp\/v2\/posts"}],"about":[{"href":"https:\/\/junjan.org\/wordpress\/wp-json\/wp\/v2\/types\/post"}],"author":[{"embeddable":true,"href":"https:\/\/junjan.org\/wordpress\/wp-json\/wp\/v2\/users\/1"}],"replies":[{"embeddable":true,"href":"https:\/\/junjan.org\/wordpress\/wp-json\/wp\/v2\/comments?post=480"}],"version-history":[{"count":0,"href":"https:\/\/junjan.org\/wordpress\/wp-json\/wp\/v2\/posts\/480\/revisions"}],"wp:attachment":[{"href":"https:\/\/junjan.org\/wordpress\/wp-json\/wp\/v2\/media?parent=480"}],"wp:term":[{"taxonomy":"category","embeddable":true,"href":"https:\/\/junjan.org\/wordpress\/wp-json\/wp\/v2\/categories?post=480"},{"taxonomy":"post_tag","embeddable":true,"href":"https:\/\/junjan.org\/wordpress\/wp-json\/wp\/v2\/tags?post=480"}],"curies":[{"name":"wp","href":"https:\/\/api.w.org\/{rel}","templated":true}]}}