{"id":481,"date":"2005-04-25T11:41:26","date_gmt":"2005-04-25T11:41:26","guid":{"rendered":"http:\/\/junjan.org\/wordpress\/?p=481"},"modified":"2005-04-25T11:41:26","modified_gmt":"2005-04-25T11:41:26","slug":"maquillaje_sanitario_en_madrid","status":"publish","type":"post","link":"https:\/\/junjan.org\/wordpress\/2005\/04\/maquillaje_sanitario_en_madrid\/","title":{"rendered":"Maquillaje sanitario en Madrid"},"content":{"rendered":"<p>Sanidad: Espera o revienta, por \u00abJavier L\u00f3pez\u00bb:http:\/\/www.lainsignia.org\/2005\/abril\/ibe_095.htm<\/p>\n<blockquote><p>La mejor prueba del aislamiento pol\u00edtico de la Consejer\u00eda de Sanidad, que arrastra consigo a todo el Gobierno regional, es la respuesta p\u00fablica del consejero al d\u00eda siguiente de la manifestaci\u00f3n: ya no habl\u00f3 del Severo Ochoa, s\u00f3lo habl\u00f3 de las listas de espera que, por cierto, seg\u00fan \u00e9l van magn\u00edficamente. Hemos pasado desde enero de 30.000 pacientes en lista de espera para una intervenci\u00f3n quir\u00fargica a 16.000 y adem\u00e1s hemos reducido a la mitad el tiempo de espera.<br \/>\nEl consejero de Sanidad se ha convertido as\u00ed en un experto en cirug\u00eda est\u00e9tica. Porque lo que no dice el consejero es que las listas se cierran y no se cita hasta que la operaci\u00f3n es inminente. No dice que est\u00e1n engordando las listas de espera diagn\u00f3stica (m\u00e1s de 100.000 pacientes) o ambulatorias (260.000 pacientes). Cuanto m\u00e1s tiempo esperas el diagn\u00f3stico, m\u00e1s tardas en engordar la lista de espera quir\u00fargica. A veces un diagn\u00f3stico tarda m\u00e1s de 15 meses.<br \/>\nNo dice que si renuncias a operarte en la privada o en otro centro sanitario que no sea el tuyo, porque prefieres que te operen los profesionales que te conocen, no contabilizan en la lista de espera, y si decides aceptar operarte en la privada tambi\u00e9n sales de la lista, aunque luego tarden meses en operarte. <\/p><\/blockquote>\n","protected":false},"excerpt":{"rendered":"<p>Sanidad: Espera o revienta, por \u00abJavier L\u00f3pez\u00bb:http:\/\/www.lainsignia.org\/2005\/abril\/ibe_095.htm La mejor prueba del aislamiento pol\u00edtico de la Consejer\u00eda de Sanidad, que arrastra consigo a todo el Gobierno regional, es la respuesta p\u00fablica del consejero al d\u00eda siguiente de la manifestaci\u00f3n: ya no habl\u00f3 del Severo Ochoa, s\u00f3lo habl\u00f3 de las listas de espera que, por cierto, seg\u00fan&hellip;&nbsp;<a href=\"https:\/\/junjan.org\/wordpress\/2005\/04\/maquillaje_sanitario_en_madrid\/\" rel=\"bookmark\">Leer m\u00e1s &raquo;<span class=\"screen-reader-text\">Maquillaje sanitario en Madrid<\/span><\/a><\/p>\n","protected":false},"author":1,"featured_media":0,"comment_status":"open","ping_status":"open","sticky":false,"template":"","format":"standard","meta":{"neve_meta_sidebar":"","neve_meta_container":"","neve_meta_enable_content_width":"","neve_meta_content_width":0,"neve_meta_title_alignment":"","neve_meta_author_avatar":"","neve_post_elements_order":"","neve_meta_disable_header":"","neve_meta_disable_footer":"","neve_meta_disable_title":"","footnotes":""},"categories":[5],"tags":[],"class_list":["post-481","post","type-post","status-publish","format-standard","hentry","category-actualidad"],"_links":{"self":[{"href":"https:\/\/junjan.org\/wordpress\/wp-json\/wp\/v2\/posts\/481","targetHints":{"allow":["GET"]}}],"collection":[{"href":"https:\/\/junjan.org\/wordpress\/wp-json\/wp\/v2\/posts"}],"about":[{"href":"https:\/\/junjan.org\/wordpress\/wp-json\/wp\/v2\/types\/post"}],"author":[{"embeddable":true,"href":"https:\/\/junjan.org\/wordpress\/wp-json\/wp\/v2\/users\/1"}],"replies":[{"embeddable":true,"href":"https:\/\/junjan.org\/wordpress\/wp-json\/wp\/v2\/comments?post=481"}],"version-history":[{"count":0,"href":"https:\/\/junjan.org\/wordpress\/wp-json\/wp\/v2\/posts\/481\/revisions"}],"wp:attachment":[{"href":"https:\/\/junjan.org\/wordpress\/wp-json\/wp\/v2\/media?parent=481"}],"wp:term":[{"taxonomy":"category","embeddable":true,"href":"https:\/\/junjan.org\/wordpress\/wp-json\/wp\/v2\/categories?post=481"},{"taxonomy":"post_tag","embeddable":true,"href":"https:\/\/junjan.org\/wordpress\/wp-json\/wp\/v2\/tags?post=481"}],"curies":[{"name":"wp","href":"https:\/\/api.w.org\/{rel}","templated":true}]}}