{"id":482,"date":"2005-04-26T15:35:53","date_gmt":"2005-04-26T15:35:53","guid":{"rendered":"http:\/\/junjan.org\/wordpress\/?p=482"},"modified":"2005-04-26T15:35:53","modified_gmt":"2005-04-26T15:35:53","slug":"semos_radicales","status":"publish","type":"post","link":"https:\/\/junjan.org\/wordpress\/2005\/04\/semos_radicales\/","title":{"rendered":"Semos radicales"},"content":{"rendered":"<p>Perlas de sabidur\u00eda cat\u00f3lica en [\u00abNoesigual.org\u00bb:http:\/\/www.noesigual.org\/].<\/p>\n<blockquote><p><em>\u00bfEs tan grave que los homosexuales puedan contraer matrimonio?<\/em> Si la intenci\u00f3n fuera ofrecer a un colectivo una salida a la regulaci\u00f3n de su especial convivencia, se habr\u00eda desarrollado una Ley de Parejas de Hecho. Realmente se trata de socavar una instituci\u00f3n que determinadas minor\u00edas radicales consideran retr\u00f3grada. Por otro lado, con el matrimonio las parejas de personas del mismo sexo tambi\u00e9n podr\u00edan adoptar. Con los ni\u00f1os no se experimenta.<\/p><\/blockquote>\n<p>En una cosa tienen raz\u00f3n. Cuanto m\u00e1s idioteces leo, m\u00e1s retr\u00f3grado me parece y m\u00e1s radicalmente me opongo.<\/p>\n","protected":false},"excerpt":{"rendered":"<p>Perlas de sabidur\u00eda cat\u00f3lica en [\u00abNoesigual.org\u00bb:http:\/\/www.noesigual.org\/]. \u00bfEs tan grave que los homosexuales puedan contraer matrimonio? Si la intenci\u00f3n fuera ofrecer a un colectivo una salida a la regulaci\u00f3n de su especial convivencia, se habr\u00eda desarrollado una Ley de Parejas de Hecho. Realmente se trata de socavar una instituci\u00f3n que determinadas minor\u00edas radicales consideran retr\u00f3grada. Por&hellip;&nbsp;<a href=\"https:\/\/junjan.org\/wordpress\/2005\/04\/semos_radicales\/\" rel=\"bookmark\">Leer m\u00e1s &raquo;<span class=\"screen-reader-text\">Semos radicales<\/span><\/a><\/p>\n","protected":false},"author":1,"featured_media":0,"comment_status":"open","ping_status":"open","sticky":false,"template":"","format":"standard","meta":{"neve_meta_sidebar":"","neve_meta_container":"","neve_meta_enable_content_width":"","neve_meta_content_width":0,"neve_meta_title_alignment":"","neve_meta_author_avatar":"","neve_post_elements_order":"","neve_meta_disable_header":"","neve_meta_disable_footer":"","neve_meta_disable_title":"","footnotes":""},"categories":[5],"tags":[],"class_list":["post-482","post","type-post","status-publish","format-standard","hentry","category-actualidad"],"_links":{"self":[{"href":"https:\/\/junjan.org\/wordpress\/wp-json\/wp\/v2\/posts\/482","targetHints":{"allow":["GET"]}}],"collection":[{"href":"https:\/\/junjan.org\/wordpress\/wp-json\/wp\/v2\/posts"}],"about":[{"href":"https:\/\/junjan.org\/wordpress\/wp-json\/wp\/v2\/types\/post"}],"author":[{"embeddable":true,"href":"https:\/\/junjan.org\/wordpress\/wp-json\/wp\/v2\/users\/1"}],"replies":[{"embeddable":true,"href":"https:\/\/junjan.org\/wordpress\/wp-json\/wp\/v2\/comments?post=482"}],"version-history":[{"count":0,"href":"https:\/\/junjan.org\/wordpress\/wp-json\/wp\/v2\/posts\/482\/revisions"}],"wp:attachment":[{"href":"https:\/\/junjan.org\/wordpress\/wp-json\/wp\/v2\/media?parent=482"}],"wp:term":[{"taxonomy":"category","embeddable":true,"href":"https:\/\/junjan.org\/wordpress\/wp-json\/wp\/v2\/categories?post=482"},{"taxonomy":"post_tag","embeddable":true,"href":"https:\/\/junjan.org\/wordpress\/wp-json\/wp\/v2\/tags?post=482"}],"curies":[{"name":"wp","href":"https:\/\/api.w.org\/{rel}","templated":true}]}}