{"id":483,"date":"2005-04-26T21:44:54","date_gmt":"2005-04-26T21:44:54","guid":{"rendered":"http:\/\/junjan.org\/wordpress\/?p=483"},"modified":"2005-04-26T21:44:54","modified_gmt":"2005-04-26T21:44:54","slug":"no_se_manifiesten","status":"publish","type":"post","link":"https:\/\/junjan.org\/wordpress\/2005\/04\/no_se_manifiesten\/","title":{"rendered":"No se manifiesten"},"content":{"rendered":"<p>Dice Consuelo Rum\u00ed (para el que no lo sepa, Secretaria de Estado de Inmigraci\u00f3n y Emigraci\u00f3n) que <em>\u00ablas ONG son para trabajar y no para manifestarse\u00bb<\/em>. Por lo que se ve, las ONGs s\u00f3lo molan cuando te apoyan, despu\u00e9s lo mejor es quitarlas de en medio. Que no se les vea y que no se les oiga.<br \/>\nEsto viene a cuento de las manifestaciones que diversas organizaciones no gubernamentales convocaron ayer en Madrid y Barcelona para apoyar a los \u201csin papeles\u201d y solidarizarse con las cuatrocientas personas que mantiene un encierro en Barcelona para protestar contra la poca flexibilidad del proceso de regularizaci\u00f3n de inmigrantes. De estas cuatrocientas personas, veintid\u00f3s est\u00e1n en huelga de hambre desde hace m\u00e1s de veinte d\u00edas. Veintid\u00f3s seres humanos que pueden acabar con graves secuelas f\u00edsicas y mentales. Un portavoz de los manifestantes record\u00f3 a la se\u00f1ora Rum\u00ed que <strong>\u00abtambi\u00e9n es trabajo manifestarse\u201d<\/strong>.<br \/>\nUn poquito de respeto se\u00f1ora Rum\u00ed.<br \/>\nLeyendo los documentos escritos por los encerrados y por las organizaciones que los apoyan, \u00e9ste comunicado de las mujeres inmigrantes me ha parecido perfecto para resumir su postura. Postura que apoyo totalmente:<\/p>\n<blockquote><p>Desde el ENCIERRO DE MUJERES INMIGRANTES queremos hacer p\u00fablico que adem\u00e1s de compartir las demandas generales de nuestros compa\u00f1eros, existen otras reivindicaciones que son propias de las mujeres. Si bien, la mujer en general sufre un grado de discriminaci\u00f3n mayor por raz\u00f3n de g\u00e9nero, la mujer inmigrante en particular las vive doblemente.<br \/>\nEl Reglamento y la propia Ley de extranjer\u00eda explotan a la mujer inmigrante ya que basan la regularizaci\u00f3n por la v\u00eda del contrato de trabajo, a menudo imposible de conseguir, ya que las tareas que realizamos por lo general se sit\u00faan en lo que se denomina econom\u00eda sumergida y no son reconocidas ni valoradas como trabajo: cuidados de ni\u00f1os, enfermos y ancianos, sector de servicios, trabajo sexual y tareas dom\u00e9sticas, entre otros.<br \/>\nEl servicio dom\u00e9stico tiene un r\u00e9gimen especial que no supone ning\u00fan derecho y adem\u00e1s son las propias compa\u00f1eras las que deber\u00e1n hacerse cargo de pagar su seguridad social.<br \/>\nLa v\u00eda de la Reagrupaci\u00f3n familiar nos deja dependientes del hombre ya que no nos permite trabajar.<br \/>\nAquella compa\u00f1era que en el momento de la regularizaci\u00f3n est\u00e9 embarazada, tampoco podr\u00e1 acceder a la misma. Los hijos menores se encuentran en la misma situaci\u00f3n ya que tampoco pueden presentar un contrato de trabajo.<br \/>\nMuchas mujeres inmigrantes somos cabeza de familia y al dejarnos sin poder obtener los papeles se pone en peligro la supervivencia de los nuestros.<br \/>\nPor todas estas razones DEMANDAMOS:<br \/>\n1.- La modificaci\u00f3n de los requisitos exigidos:<br \/>\nQue se suprima el contrato como requisito indispensable para la Regularizaci\u00f3n. Para ello proponemos el estudio conjunto de medidas incluyendo un permiso temporal de b\u00fasqueda de empleo, un permiso temporal de residencia con autorizaci\u00f3n para trabajar, la admisi\u00f3n de otros documentos que demuestren inserci\u00f3n social y laboral\u2026<br \/>\nQue se admita como prueba de estancia en Espa\u00f1a no solamente el certificado del padr\u00f3n sino cualquier otro documento considerado v\u00e1lido en derecho.<br \/>\nQue se permita la tramitaci\u00f3n de las peticiones de regularizaci\u00f3n que aporten solicitud del certificado de penales aunque este sea adjunte incluso despu\u00e9s del 7 de mayo. En los casos de inmigrantes cuyo pa\u00eds de origen carezca de embajada o oficina consultar en Espa\u00f1a, ser\u00e1 suficiente la no existencia de antecedentes penales durante su estancia en territorio espa\u00f1ol.<br \/>\n2.- La ampliaci\u00f3n de los plazos actualmente existentes:<br \/>\nSe ampl\u00ede el plazo para la presentaci\u00f3n de solicitudes m\u00e1s all\u00e1 del 7 de mayo. Que los 6 meses de estancia en Espa\u00f1a que es necesario acreditar no se cuenten desde el inicio del proceso de Regularizaci\u00f3n sino desde el final del mismo.<br \/>\n3.- La posibilidad de acceso a este proceso de todas y todos los inmigrantes sin papeles y para ello:<br \/>\nQue durante periodo de regularizaci\u00f3n se suspendan las expulsiones y detenciones motivadas por la falta administrativa de carecer de documentos en regla.\n<\/p><\/blockquote>\n<p>Ver:<br \/>\n&#8211; \u00abUna veintena de los inmigrantes encerrados en Barcelona amenazan con dejar de ingerir l\u00edquidos de nuevo\u00bb:http:\/\/www.europapress.es\/europa2003\/noticia.aspx?cod=20050425135100&#038;tabID=1&#038;ch=66<br \/>\n&#8211; \u00abManifestaci\u00f3n en Barcelona en apoyo a los sin papeles\u00bb:http:\/\/personales.ya.com\/cnt-barcelona\/maninm.htm<br \/>\n&#8211; \u00abMadrid: \u00abRegularizaci\u00f3n si, pero no as\u00ed. Derecho a tener derechos\u00bb\u00bb:http:\/\/www.espacioalternativo.org\/node\/view\/783<\/p>\n","protected":false},"excerpt":{"rendered":"<p>Dice Consuelo Rum\u00ed (para el que no lo sepa, Secretaria de Estado de Inmigraci\u00f3n y Emigraci\u00f3n) que \u00ablas ONG son para trabajar y no para manifestarse\u00bb. Por lo que se ve, las ONGs s\u00f3lo molan cuando te apoyan, despu\u00e9s lo mejor es quitarlas de en medio. Que no se les vea y que no se&hellip;&nbsp;<a href=\"https:\/\/junjan.org\/wordpress\/2005\/04\/no_se_manifiesten\/\" rel=\"bookmark\">Leer m\u00e1s &raquo;<span class=\"screen-reader-text\">No se manifiesten<\/span><\/a><\/p>\n","protected":false},"author":1,"featured_media":0,"comment_status":"open","ping_status":"open","sticky":false,"template":"","format":"standard","meta":{"neve_meta_sidebar":"","neve_meta_container":"","neve_meta_enable_content_width":"","neve_meta_content_width":0,"neve_meta_title_alignment":"","neve_meta_author_avatar":"","neve_post_elements_order":"","neve_meta_disable_header":"","neve_meta_disable_footer":"","neve_meta_disable_title":"","footnotes":""},"categories":[5],"tags":[],"class_list":["post-483","post","type-post","status-publish","format-standard","hentry","category-actualidad"],"_links":{"self":[{"href":"https:\/\/junjan.org\/wordpress\/wp-json\/wp\/v2\/posts\/483","targetHints":{"allow":["GET"]}}],"collection":[{"href":"https:\/\/junjan.org\/wordpress\/wp-json\/wp\/v2\/posts"}],"about":[{"href":"https:\/\/junjan.org\/wordpress\/wp-json\/wp\/v2\/types\/post"}],"author":[{"embeddable":true,"href":"https:\/\/junjan.org\/wordpress\/wp-json\/wp\/v2\/users\/1"}],"replies":[{"embeddable":true,"href":"https:\/\/junjan.org\/wordpress\/wp-json\/wp\/v2\/comments?post=483"}],"version-history":[{"count":0,"href":"https:\/\/junjan.org\/wordpress\/wp-json\/wp\/v2\/posts\/483\/revisions"}],"wp:attachment":[{"href":"https:\/\/junjan.org\/wordpress\/wp-json\/wp\/v2\/media?parent=483"}],"wp:term":[{"taxonomy":"category","embeddable":true,"href":"https:\/\/junjan.org\/wordpress\/wp-json\/wp\/v2\/categories?post=483"},{"taxonomy":"post_tag","embeddable":true,"href":"https:\/\/junjan.org\/wordpress\/wp-json\/wp\/v2\/tags?post=483"}],"curies":[{"name":"wp","href":"https:\/\/api.w.org\/{rel}","templated":true}]}}