{"id":484,"date":"2005-04-26T23:44:54","date_gmt":"2005-04-26T23:44:54","guid":{"rendered":"http:\/\/junjan.org\/wordpress\/?p=484"},"modified":"2020-11-27T00:33:45","modified_gmt":"2020-11-26T23:33:45","slug":"de_qu_me_suena","status":"publish","type":"post","link":"https:\/\/junjan.org\/wordpress\/2005\/04\/de_qu_me_suena\/","title":{"rendered":"\u00bfDe qu\u00e9 me suena?"},"content":{"rendered":"\n<blockquote class=\"wp-block-ugb-blockquote ugb-blockquote ugb-de5fe9c ugb-blockquote--v3 ugb-blockquote--design-plain ugb-main-block\"><style>.ugb-de5fe9c .ugb-blockquote__quote{width:70px !important;height:70px !important}<\/style><div class=\"ugb-inner-block\"><div class=\"ugb-block-content\"><div class=\"ugb-blockquote__item\"><svg viewbox=\"0 0 50 50\" xmlns=\"http:\/\/www.w3.org\/2000\/svg\" class=\"ugb-blockquote__quote\" width=\"70\" height=\"70\"><path d=\"M19.8 9.3C10.5 11.8 4.6 17 2.1 24.8c2.3-3.6 5.6-5.4 9.9-5.4 3.3 0 6 1.1 8.3 3.3 2.2 2.2 3.4 5 3.4 8.3 0 3.2-1.1 5.8-3.3 8-2.2 2.2-5.1 3.2-8.7 3.2-3.7 0-6.5-1.2-8.6-3.5C1 36.3 0 33.1 0 29 0 18.3 6.5 11.2 19.6 7.9l.2 1.4zm26.4 0C36.9 11.9 31 17 28.5 24.8c2.2-3.6 5.5-5.4 9.8-5.4 3.2 0 6 1.1 8.3 3.2 2.3 2.2 3.4 4.9 3.4 8.3 0 3.1-1.1 5.8-3.3 7.9-2.2 2.2-5.1 3.3-8.6 3.3-3.7 0-6.6-1.1-8.6-3.4-2.1-2.3-3.1-5.5-3.1-9.7 0-10.7 6.6-17.8 19.7-21.1l.1 1.4z\"><\/path><\/svg><div class=\"ugb-blockquote__content\"><p class=\"ugb-blockquote__text\">\u00abLa situaci\u00f3n podr\u00eda abordarse con racionalidad y patriotismo, pero, dadas las costumbres de este Gobierno de Frente Popular Antinacional, s\u00f3lo cabe esperar m\u00e1s cainismo pol\u00edtico para tratar de compensar la crisis econ\u00f3mica. Tras peinar Espa\u00f1a en busca de estatuas de Franco que descabalgar, si hay todav\u00eda alguna, a Zapatero le queda la curiosa aunque poco heroica tarea de derrotarlo, y con \u00e9l a media Espa\u00f1a, en la Guerra civil de hace setenta a\u00f1os. Para entretener a la plebe progre, tambi\u00e9n puede montar una checa en el Valle de los Ca\u00eddos. Y venga eutanasia, venga matrimonio homosexual, venga separatismo, venga anticatolicsimo y venga titiriteros de alquiler.\u00bb <a rel=\"noreferrer noopener\" href=\"http:\/\/www.libertaddigital.com\/opiniones\/opi_desa_24349.html\" target=\"_blank\">Federico Jimenez Losanto<\/a>s 2005<\/p><\/div><\/div><\/div><\/div><\/blockquote>\n\n\n\n<blockquote class=\"wp-block-ugb-blockquote ugb-blockquote ugb-24b8b52 ugb-blockquote--v3 ugb-blockquote--design-plain ugb-main-block\"><style>.ugb-24b8b52 .ugb-blockquote__quote{width:70px !important;height:70px !important}<\/style><div class=\"ugb-inner-block\"><div class=\"ugb-block-content\"><div class=\"ugb-blockquote__item\"><svg viewbox=\"0 0 50 50\" xmlns=\"http:\/\/www.w3.org\/2000\/svg\" class=\"ugb-blockquote__quote\" width=\"70\" height=\"70\"><path d=\"M19.8 9.3C10.5 11.8 4.6 17 2.1 24.8c2.3-3.6 5.6-5.4 9.9-5.4 3.3 0 6 1.1 8.3 3.3 2.2 2.2 3.4 5 3.4 8.3 0 3.2-1.1 5.8-3.3 8-2.2 2.2-5.1 3.2-8.7 3.2-3.7 0-6.5-1.2-8.6-3.5C1 36.3 0 33.1 0 29 0 18.3 6.5 11.2 19.6 7.9l.2 1.4zm26.4 0C36.9 11.9 31 17 28.5 24.8c2.2-3.6 5.5-5.4 9.8-5.4 3.2 0 6 1.1 8.3 3.2 2.3 2.2 3.4 4.9 3.4 8.3 0 3.1-1.1 5.8-3.3 7.9-2.2 2.2-5.1 3.3-8.6 3.3-3.7 0-6.6-1.1-8.6-3.4-2.1-2.3-3.1-5.5-3.1-9.7 0-10.7 6.6-17.8 19.7-21.1l.1 1.4z\"><\/path><\/svg><div class=\"ugb-blockquote__content\"><p class=\"ugb-blockquote__text\">\u00abLa Rep\u00fablica pronto deriv\u00f3 hacia derroteros antinacionales y anticat\u00f3licos. Los buenos espa\u00f1oles eran encarcelados; manos criminales fraguaban vilmente el fin de la naci\u00f3n m\u00e1s gloriosa de la tierra. Entonces, cuando Espa\u00f1a estaba herida de muerte, el valeroso Ej\u00e9rcito espa\u00f1ol, ayudado por los buenos patriotas, decidieron salvarla poniendo fin a la anarqu\u00eda y al comunismo.\u00bb Onieva-Torres, Enciclopedia Hernando 1955<\/p><\/div><\/div><\/div><\/div><\/blockquote>\n","protected":false},"excerpt":{"rendered":"","protected":false},"author":1,"featured_media":0,"comment_status":"open","ping_status":"open","sticky":false,"template":"","format":"standard","meta":{"neve_meta_sidebar":"","neve_meta_container":"","neve_meta_enable_content_width":"","neve_meta_content_width":0,"neve_meta_title_alignment":"","neve_meta_author_avatar":"","neve_post_elements_order":"","neve_meta_disable_header":"","neve_meta_disable_footer":"","neve_meta_disable_title":"","footnotes":""},"categories":[32],"tags":[661,981],"class_list":["post-484","post","type-post","status-publish","format-standard","hentry","category-frases","tag-fascismo","tag-jimenez-losantos"],"_links":{"self":[{"href":"https:\/\/junjan.org\/wordpress\/wp-json\/wp\/v2\/posts\/484","targetHints":{"allow":["GET"]}}],"collection":[{"href":"https:\/\/junjan.org\/wordpress\/wp-json\/wp\/v2\/posts"}],"about":[{"href":"https:\/\/junjan.org\/wordpress\/wp-json\/wp\/v2\/types\/post"}],"author":[{"embeddable":true,"href":"https:\/\/junjan.org\/wordpress\/wp-json\/wp\/v2\/users\/1"}],"replies":[{"embeddable":true,"href":"https:\/\/junjan.org\/wordpress\/wp-json\/wp\/v2\/comments?post=484"}],"version-history":[{"count":1,"href":"https:\/\/junjan.org\/wordpress\/wp-json\/wp\/v2\/posts\/484\/revisions"}],"predecessor-version":[{"id":2663,"href":"https:\/\/junjan.org\/wordpress\/wp-json\/wp\/v2\/posts\/484\/revisions\/2663"}],"wp:attachment":[{"href":"https:\/\/junjan.org\/wordpress\/wp-json\/wp\/v2\/media?parent=484"}],"wp:term":[{"taxonomy":"category","embeddable":true,"href":"https:\/\/junjan.org\/wordpress\/wp-json\/wp\/v2\/categories?post=484"},{"taxonomy":"post_tag","embeddable":true,"href":"https:\/\/junjan.org\/wordpress\/wp-json\/wp\/v2\/tags?post=484"}],"curies":[{"name":"wp","href":"https:\/\/api.w.org\/{rel}","templated":true}]}}